{"id":244223,"date":"2023-01-09T15:59:08","date_gmt":"2023-01-09T14:59:08","guid":{"rendered":"https:\/\/result.uit.no\/reaidu\/?p=244223"},"modified":"2023-02-02T15:04:52","modified_gmt":"2023-02-02T14:04:52","slug":"krenket","status":"publish","type":"post","link":"https:\/\/result.uit.no\/reaidu\/krenket\/","title":{"rendered":"Krenket"},"content":{"rendered":"<p>[et_pb_section fb_built=&raquo;1&#8243; _builder_version=&raquo;4.19.0&#8243; _module_preset=&raquo;default&raquo; custom_padding=&raquo;||0px|||&raquo; global_colors_info=&raquo;{}&raquo;][\/et_pb_section][et_pb_section fb_built=&raquo;1&#8243; _builder_version=&raquo;4.16&#8243; custom_margin=&raquo;||||false|false&raquo; custom_padding=&raquo;0px||||false|false&raquo; locked=&raquo;off&raquo; global_colors_info=&raquo;{}&raquo;][et_pb_row column_structure=&raquo;1_2,1_2&#8243; _builder_version=&raquo;4.16&#8243; _module_preset=&raquo;default&raquo; custom_margin=&raquo;16px|auto||auto||&raquo; custom_padding=&raquo;60px||24px|||&raquo; global_colors_info=&raquo;{}&raquo;][et_pb_column type=&raquo;1_2&#8243; _builder_version=&raquo;4.16&#8243; _module_preset=&raquo;default&raquo; global_colors_info=&raquo;{}&raquo;][et_pb_text _builder_version=&raquo;4.16&#8243; text_font=&raquo;||||||||&raquo; header_font=&raquo;Poiret One|||on|||||&raquo; header_text_align=&raquo;left&raquo; header_font_size=&raquo;40px&raquo; header_2_font=&raquo;Poiret One||||||||&raquo; custom_margin=&raquo;190px||12px|||&raquo; custom_padding=&raquo;||18px|||&raquo; global_colors_info=&raquo;{}&raquo;]<\/p>\n<h1>Krenket<\/h1>\n<p>[\/et_pb_text][et_pb_text _builder_version=&raquo;4.16&#8243; text_font=&raquo;||||||||&raquo; text_text_color=&raquo;#7e7f93&#8243; text_font_size=&raquo;13px&raquo; text_line_height=&raquo;1.2em&raquo; header_font=&raquo;||||||||&raquo; header_text_color=&raquo;#000000&#8243; header_2_font=&raquo;Poiret One|||on|||||&raquo; header_2_text_align=&raquo;center&raquo; header_2_font_size=&raquo;15px&raquo; header_3_font=&raquo;|700|||||||&raquo; header_3_text_color=&raquo;#000000&#8243; header_3_font_size=&raquo;18px&raquo; header_3_line_height=&raquo;1.2em&raquo; background_color=&raquo;RGBA(255,255,255,0)&raquo; width=&raquo;100%&raquo; module_alignment=&raquo;right&raquo; custom_margin=&raquo;-7px||-20px||false|false&raquo; locked=&raquo;off&raquo; global_colors_info=&raquo;{}&raquo;]<\/p>\n<h2 style=\"text-align: left\">Skrevet av\u00a0<\/h2>\n<h3>Erle B\u00e5rdsdatter S\u00e6ther\u00a0<\/h3>\n<p>Senter for samiske studier, UiT &#8211; Norges Arktiske Universitet<\/p>\n<p>&nbsp;<\/p>\n<p>[\/et_pb_text][\/et_pb_column][et_pb_column type=&raquo;1_2&#8243; _builder_version=&raquo;4.16&#8243; _module_preset=&raquo;default&raquo; global_colors_info=&raquo;{}&raquo;][et_pb_image src=&raquo;https:\/\/result.uit.no\/reaidu\/wp-content\/uploads\/sites\/27\/2022\/11\/krenka1.png&raquo; title_text=&raquo;krenka1&#8243; _builder_version=&raquo;4.19.4&#8243; _module_preset=&raquo;default&raquo; custom_margin=&raquo;-120px||37px|-192px||&raquo; custom_margin_tablet=&raquo;-46px|||41px|false|false&raquo; custom_margin_phone=&raquo;-55px|||-8px|false|false&raquo; custom_margin_last_edited=&raquo;on|tablet&raquo; custom_padding=&raquo;35px||0px|0px||&raquo; global_colors_info=&raquo;{}&raquo;][\/et_pb_image][\/et_pb_column][\/et_pb_row][et_pb_row _builder_version=&raquo;4.16&#8243; _module_preset=&raquo;default&raquo; custom_padding=&raquo;0px|||||&raquo; global_colors_info=&raquo;{}&raquo;][et_pb_column type=&raquo;4_4&#8243; _builder_version=&raquo;4.16&#8243; _module_preset=&raquo;default&raquo; global_colors_info=&raquo;{}&raquo;][et_pb_text _builder_version=&raquo;4.19.0&#8243; custom_padding=&raquo;0px|||||&raquo; locked=&raquo;off&raquo; global_colors_info=&raquo;{}&raquo;]<\/p>\n<p><strong>&laquo;Lettkrenka samer&raquo; var en gjenganger i beskrivelsene som ble brukt brukt da det kom kritikk mot Nortura for navnet og logoen til hermetikkmaten &laquo;Joika&raquo;. I NRK-serien <em>Ikke sp\u00f8r om det<\/em>\u00a0blir syv samer invitert til \u00e5 svare p\u00e5 sp\u00f8rsm\u00e5let &laquo;Hvorfor blir samer s\u00e5 lett krenket?&raquo;. Hva gj\u00f8r at samer som uttrykker seg kritisk, blir beskrevet som &laquo;krenka&raquo;? Og hva kreves for et bedre debattklima om samiske saker?\u00a0\u00a0<\/strong><\/p>\n<p>[\/et_pb_text][\/et_pb_column][\/et_pb_row][et_pb_row _builder_version=&raquo;4.16&#8243; custom_margin=&raquo;-10px|auto||auto|false|false&raquo; custom_padding=&raquo;0px|||0px|false|false&raquo; global_colors_info=&raquo;{}&raquo;][et_pb_column type=&raquo;4_4&#8243; _builder_version=&raquo;4.16&#8243; global_colors_info=&raquo;{}&raquo;][et_pb_text _builder_version=&raquo;4.18.0&#8243; _module_preset=&raquo;default&raquo; global_colors_info=&raquo;{}&raquo;]<\/p>\n<blockquote><\/blockquote>\n<p>Det er vanskelig \u00e5 definere hva det vil si \u00e5 krenke og \u00e5 v\u00e6re krenket. Dette er begrep som finnes b\u00e5de i fagfelt som jus, psykologi og statsvitenskap. I dagligtalen h\u00f8rer vi det ofte som en beskrivelse av noen blir oppfattet som for &laquo;sensitiv&raquo; fordi den kritiserer noe. &laquo;Krenket&raquo; brukes ofte i sammenheng med andre begreper som &laquo;woke&raquo;, &laquo;cancel culture&raquo; og &laquo;politisk korrekt&raquo;.<\/p>\n<p><strong>Kulturuttrykk preget av stereotypier<\/strong><\/p>\n<p style=\"font-size: 16px;background-color: #ffffff\">Det kan v\u00e6re mange grunner til at noen reagerer p\u00e5 hvordan noe fremstilles. En grunn kan v\u00e6re at en kultur fremstilles stereotypisk. En <a href=\"https:\/\/naob.no\/ordbok\/stereotypi\">stereotypi<\/a> er en forenklet forestilling om hvordan noe er, gjerne basert p\u00e5 fordommer. Eksempler p\u00e5 stereotypier om samer er at alle samer bor i lavvo eller driver med reindrift. Det finnes ogs\u00e5 mer nedsettende stereotypier som historisk har blitt brukt f\u00f8rst som argumenter for assimilering og senere som humor.<\/p>\n<div class=\"inline-eske\"><\/div>\n<p style=\"font-size: 16px;background-color: #ffffff\">Mange av debattene rundt det \u00e5 bli krenket er tett knyttet til <a href=\"https:\/\/snl.no\/kulturell_appropriering\">kulturell appropriasjon<\/a>. Kulturell appropriasjon betyr at en folkegruppe tar eller l\u00e5ner kulturelle uttrykk fra en annen folkegruppe. Dette er vanlig i m\u00f8ter mellom kulturer, men kulturell appropriasjon har som oftest i dag en politisk betydning, som viser til urettmessig tilegnelse av andres kultur. N\u00e5r det gjelder kulturell appropriering er det ofte et sp\u00f8rsm\u00e5l, i tillegg til om hvordan kulturen blir fremstilt, om hvem som eier kulturen.\u00a0 Dette er ofte knyttet til ujevne maktforhold og tidligere koloniale relasjoner. I forholdet mellom majoritet og minoritet som i Norge hvor den norske stat drev med mange\u00e5rig fornorskning av samer, kan det oppleves som vondt \u00e5 se en tidligere &laquo;forbudt&raquo; kultur n\u00e5 skulle bli allemannseie. Dette gjelder s\u00e6rlig n\u00e5r noen profitterer p\u00e5 det som approprieres.<\/p>\n<p><strong>Krenka-boller<\/strong><\/p>\n<p><span style=\"font-size: 16px;background-color: #ffffff\">Det er et problem for debattmilj\u00f8et i samfunnet hvis man ikke t\u00f8r \u00e5 ytre seg om det man opplever som urett fordi man ikke \u00f8nsker \u00e5 bli stemplet som krenket. Hvilken side som har de beste argumentene<\/span><span style=\"background-color: #ffffff;font-size: 16px\">, er irrelevant hvis &laquo;krenket&raquo; brukes som latterliggj\u00f8ring av debattmotstanderne.<\/span><span style=\"font-size: 16px\"> En av gjestene i <a href=\"https:\/\/tv.nrk.no\/serie\/ikke-spoer-om-det\/sesong\/4\/episode\/5\/avspiller\"><em>Ikke sp\u00f8r om det<\/em><\/a> beskriver dette dilemmaet som: &laquo;Sier man ifra, blir man stemplet som lett krenket. Sier man ikke ifra, s\u00e5 tror folk det er greit og fortsetter&raquo; (NRK, 2021). <\/span>I <a href=\"https:\/\/tv.nrk.no\/serie\/gozuid-alde-paa-tv\/sesong\/1\/episode\/3\/avspiller\">NRK-podcasten <em>Gozuid alde<\/em><\/a> diskuteres debatten rundt produktet Joika, sp\u00f8kefullt kalt &laquo;krenka-boller-saken&raquo;, og hva som ble opplevd som problemene i debatten. En av programlederene beskriver sin opplevelse av debattene som:<\/p>\n<p>[\/et_pb_text][\/et_pb_column][\/et_pb_row][et_pb_row _builder_version=&raquo;4.18.1&#8243; _module_preset=&raquo;default&raquo; custom_margin=&raquo;-30px|auto|-30px|auto|true|false&raquo; custom_padding=&raquo;0px|||||&raquo; locked=&raquo;off&raquo; global_colors_info=&raquo;{}&raquo;][et_pb_column type=&raquo;4_4&#8243; _builder_version=&raquo;4.18.0&#8243; _module_preset=&raquo;default&raquo; global_colors_info=&raquo;{}&raquo;][et_pb_text _builder_version=&raquo;4.18.0&#8243; _module_preset=&raquo;default&raquo; text_font=&raquo;Playfair Display||||||||&raquo; text_text_color=&raquo;#eaeaea&raquo; text_font_size=&raquo;250px&raquo; text_line_height=&raquo;0em&raquo; positioning=&raquo;absolute&raquo; width=&raquo;100%&raquo; custom_margin=&raquo;150px||||false|false&raquo; animation_style=&raquo;flip&raquo; animation_delay=&raquo;300ms&raquo; animation_intensity_flip=&raquo;200%&raquo; global_colors_info=&raquo;{}&raquo;]<\/p>\n<p><b>\u201c<\/b><\/p>\n<p>[\/et_pb_text][et_pb_text _builder_version=&raquo;4.19.0&#8243; _module_preset=&raquo;default&raquo; header_3_font=&raquo;|600|on||||||&raquo; header_3_text_color=&raquo;#686868&#8243; header_3_font_size=&raquo;1.4rem&raquo; header_3_line_height=&raquo;1.5em&raquo; custom_margin=&raquo;150px|104px|150px|104px|true|true&raquo; custom_margin_tablet=&raquo;150px|150px|150px|150px|true|true&raquo; custom_margin_phone=&raquo;|40px||40px|true|true&raquo; custom_margin_last_edited=&raquo;on|phone&raquo; custom_padding=&raquo;|0px|||false|false&raquo; animation_style=&raquo;fade&raquo; animation_delay=&raquo;800ms&raquo; global_colors_info=&raquo;{}&raquo;]<\/p>\n<h3 style=\"text-align: center\">Jeg synes det er veldig ubehagelig n\u00e5r mine f\u00f8lelser blir brukt mot meg i offentlige debatter. Jeg f\u00f8ler at ordet &laquo;krenket&raquo; ofte blir brukt som hersketeknikk. Med en gang jeg blir stemplet som krenket, s\u00e5 opplever jeg \u00e5 bli kneblet. Pr\u00f8ver jeg \u00e5 forsvare meg, s\u00e5 blir det brukt til \u00e5 bekrefte argumentene om at jeg er blitt krenket. Jeg f\u00f8ler at dette er en hersketeknikk som blir brukt i debatter for det setter en effektiv stopp for den egentlige debatten.<\/h3>\n<p>[\/et_pb_text][et_pb_text _builder_version=&raquo;4.18.0&#8243; _module_preset=&raquo;default&raquo; text_font=&raquo;Playfair Display||||||||&raquo; text_text_color=&raquo;#eaeaea&raquo; text_font_size=&raquo;250px&raquo; text_line_height=&raquo;0em&raquo; positioning=&raquo;absolute&raquo; position_origin_a=&raquo;bottom_right&raquo; text_orientation=&raquo;right&raquo; width=&raquo;100%&raquo; animation_style=&raquo;flip&raquo; animation_delay=&raquo;400ms&raquo; animation_intensity_flip=&raquo;200%&raquo; global_colors_info=&raquo;{}&raquo;]<\/p>\n<p><b>\u201d<\/b><\/p>\n<p>[\/et_pb_text][\/et_pb_column][\/et_pb_row][et_pb_row _builder_version=&raquo;4.16&#8243; min_height=&raquo;598.9px&raquo; custom_margin=&raquo;-10px|auto||auto|false|false&raquo; custom_padding=&raquo;0px|||0px|false|false&raquo; global_colors_info=&raquo;{}&raquo;][et_pb_column type=&raquo;4_4&#8243; _builder_version=&raquo;4.16&#8243; global_colors_info=&raquo;{}&raquo;][et_pb_text _builder_version=&raquo;4.18.0&#8243; _module_preset=&raquo;default&raquo; custom_margin=&raquo;||-3px|||&raquo; global_colors_info=&raquo;{}&raquo;]<\/p>\n<blockquote><\/blockquote>\n<p><span style=\"font-size: 16px\">Sitatet viser hvordan en del av diskusjonen rundt &laquo;krenking&raquo; handler om det er plass til f\u00f8lelser i samfunnsdebatten. <\/span><span style=\"font-size: 16px;background-color: #ffffff\">En av gjestene i <em>Ikke sp\u00f8r om det<\/em> forklarer: &laquo;Jeg insisterer p\u00e5 retten til \u00e5 bli krenket. Jeg insisterer p\u00e5 at hvis noen krenker meg, s\u00e5 m\u00e5 jeg f\u00e5 lov til \u00e5 gr\u00e5te. For det er smertefullt \u00e5 bli krenket.&raquo; (NRK, 2021).<\/span><span style=\"font-size: 16px;background-color: #ffffff\">\u00a0I tillegg er det ingen hemmelighet at k<\/span><span style=\"font-size: 16px\">onflikter kombinert med sterke f\u00f8lelser lager gode nyhetssaker som f\u00e5r mye oppmerksomhet. Som ene programlederen i <em>Gozuid alde<\/em> beskriver det: &laquo;Det blir ikke til en stor sak f\u00f8r noen retter kritikk tilbake. De som gjorde (joika-)saken st\u00f8rre enn n\u00f8dvendig, slik jeg ser det, er de som anklaget meg for \u00e5 v\u00e6re krenket og som mente jeg burde rette fokus p\u00e5 viktigere ting.&raquo; (NRK, 2022). At det bl\u00e5ses opp som en st\u00f8rre sak enn det som kanskje var \u00f8nskelig, kan f\u00f8re til nok en utfordring i debatten; at en hel gruppe tildeles meninger basert p\u00e5 enkeltpersoners kritikk.<\/span><\/p>\n<p><strong>Uttale seg uten \u00e5 representere hele gruppa<\/strong><\/p>\n<p>Gjesten i <em>Gozuid alde<\/em> sier i episoden at han var lei av at samer alltid skal fremst\u00e5 som krenket. Han hadde et behov for \u00e5 vise at det ikke var en sak alle samer sto bak, og utdyper at det er problem n\u00e5r noen blir krenket p\u00e5 vegne av andre. Dette beskriver et problem med mange debatter hvor uttalelsene til enkeltmennesker blir fremstilt som meningene til en hel gruppe<span style=\"font-size: 16px\">.\u00a0<\/span><span style=\"background-color: #ffffff;font-size: 16px\">Satt p\u00e5 spissen: &laquo;Hvis \u00e9n same mener noe, s\u00e5 mener alle samer det.&raquo; <\/span><span style=\"font-size: 16px\">Selv ikke uttalelser gjort av Sametinget, Samer\u00e5det eller noen samiske organisasjoner vil snakke p\u00e5 vegne av alle samer. Derfor vil fremstillinger som at &laquo;samene er krenka&raquo; dekke over mye uenighet innad i de samiske samfunnene. Dette er ogs\u00e5 typisk for andre minoritetsgrupper, hvor enkeltpersoners uttalelser representerer alle. Et kritisk blikk p\u00e5 hvordan ytringer til enkeltmennesker presenteres, vil ansvarliggj\u00f8re media og samtidig sette et fokus p\u00e5 \u00e5 \u00f8ke meningsmangfoldet for hvem som f\u00e5r ytre seg om saker som engasjerer.\u00a0\u00a0<\/span><\/p>\n<p>[\/et_pb_text][et_pb_text _builder_version=&raquo;4.19.4&#8243; text_font=&raquo;Poiret One||||||||&raquo; text_font_size=&raquo;12px&raquo; text_line_height=&raquo;1em&raquo; text_orientation=&raquo;right&raquo; width=&raquo;100%&raquo; custom_margin=&raquo;10px||10px||false|false&raquo; locked=&raquo;off&raquo; global_colors_info=&raquo;{}&raquo;]<\/p>\n<p><span style=\"font-size: small\">Publisert: 09. januar 2023<\/span><\/p>\n<p>[\/et_pb_text][\/et_pb_column][\/et_pb_row][et_pb_row column_structure=&raquo;1_4,1_2,1_4&#8243; disabled_on=&raquo;off|off|off&raquo; _builder_version=&raquo;4.19.0&#8243; _module_preset=&raquo;default&raquo; custom_margin=&raquo;46px|auto||auto||&raquo; custom_padding=&raquo;0px||0px|||&raquo; global_colors_info=&raquo;{}&raquo;][et_pb_column type=&raquo;1_4&#8243; _builder_version=&raquo;4.18.0&#8243; _module_preset=&raquo;default&raquo; global_colors_info=&raquo;{}&raquo;][\/et_pb_column][et_pb_column type=&raquo;1_2&#8243; _builder_version=&raquo;4.18.0&#8243; _module_preset=&raquo;default&raquo; global_colors_info=&raquo;{}&raquo;][et_pb_blog fullwidth=&raquo;off&raquo; posts_number=&raquo;1&#8243; include_categories=&raquo;36&#8243; meta_date=&raquo;.&raquo; excerpt_length=&raquo;176&#8243; show_more=&raquo;on&raquo; show_author=&raquo;off&raquo; show_date=&raquo;off&raquo; show_categories=&raquo;off&raquo; _builder_version=&raquo;4.19.1&#8243; _module_preset=&raquo;default&raquo; header_font=&raquo;Poiret One|700||on|||||&raquo; header_font_size=&raquo;21px&raquo; meta_font_size=&raquo;12px&raquo; read_more_text_color=&raquo;#e09900&#8243; read_more_font_size=&raquo;13px&raquo; background_color=&raquo;rgba(0,0,0,0)&raquo; custom_margin=&raquo;||||false|false&raquo; custom_padding=&raquo;0px|0px|0px|0px|true|true&raquo; custom_css_read_more=&raquo;color: #e09900;||display: block;||text-align:center;||margin-top: 10px;||border: 1px solid #ccc;||padding: 5px;||letter-spacing: 1px;&raquo; global_colors_info=&raquo;{}&raquo;][\/et_pb_blog][\/et_pb_column][et_pb_column type=&raquo;1_4&#8243; _builder_version=&raquo;4.18.0&#8243; _module_preset=&raquo;default&raquo; global_colors_info=&raquo;{}&raquo;][\/et_pb_column][\/et_pb_row][et_pb_row _builder_version=&raquo;4.16&#8243; custom_padding=&raquo;60px|||||&raquo; global_colors_info=&raquo;{}&raquo;][et_pb_column type=&raquo;4_4&#8243; _builder_version=&raquo;4.16&#8243; global_colors_info=&raquo;{}&raquo;][et_pb_toggle title=&raquo;Referanser&raquo; icon_color=&raquo;#e09900&#8243; open_icon_color=&raquo;#e09900&#8243; module_class=&raquo;orange-link&raquo; _builder_version=&raquo;4.18.0&#8243; title_level=&raquo;h1&#8243; title_font=&raquo;Poiret One|700||on|||||&raquo; title_font_size=&raquo;14px&raquo; closed_title_text_align=&raquo;left&raquo; closed_title_font_size=&raquo;14px&raquo; body_font=&raquo;||||||||&raquo; body_text_align=&raquo;left&raquo; body_text_color=&raquo;#000000&#8243; body_font_size=&raquo;12px&raquo; body_line_height=&raquo;1.6em&raquo; body_link_line_height=&raquo;1.6em&raquo; body_ul_line_height=&raquo;1.6em&raquo; body_ol_line_height=&raquo;1.7em&raquo; background_size=&raquo;initial&raquo; background_position=&raquo;top_left&raquo; background_repeat=&raquo;repeat&raquo; text_orientation=&raquo;left&raquo; width=&raquo;95%&raquo; module_alignment=&raquo;center&raquo; custom_margin=&raquo;||50px||false|false&raquo; custom_padding=&raquo;10px||10px||true|false&raquo; use_border_color=&raquo;off&raquo; border_color=&raquo;#ffffff&raquo; border_style=&raquo;solid&raquo; locked=&raquo;off&raquo; global_colors_info=&raquo;{}&raquo;]<\/p>\n<ul>\n<li><a href=\"https:\/\/tv.nrk.no\/serie\/gozuid-alde-paa-tv\/sesong\/1\/episode\/3\/avspiller\">Gozuid alde &#8211; TV \u2013 3. &laquo;Joikakake-br\u00e5ket skapte flere fordommer&raquo; (Sesong 1) \u2013 NRK TV<\/a><\/li>\n<li><a href=\"https:\/\/tv.nrk.no\/serie\/ikke-spoer-om-det\/sesong\/4\/episode\/5\/avspiller\">Ikke sp\u00f8r om det \u2013 5. Same (Sesong 4) \u2013 NRK TV<\/a><\/li>\n<li><a href=\"https:\/\/snl.no\/kulturell_appropriering\">kulturell appropriering \u2013 Store norske leksikon (snl.no)<\/a><\/li>\n<li><a href=\"https:\/\/naob.no\/ordbok\/stereotypi\">stereotypi &#8211; Det Norske Akademis ordbok (naob.no)<\/a><\/li>\n<\/ul>\n<p>[\/et_pb_toggle][\/et_pb_column][\/et_pb_row][\/et_pb_section][et_pb_section fb_built=&raquo;1&#8243; _builder_version=&raquo;4.16&#8243; background_color=&raquo;#797367&#8243; custom_padding=&raquo;30px|0px|30px|0px&raquo; global_colors_info=&raquo;{}&raquo;][et_pb_row column_structure=&raquo;1_3,1_3,1_3&#8243; _builder_version=&raquo;4.16&#8243; global_colors_info=&raquo;{}&raquo;][et_pb_column type=&raquo;1_3&#8243; _builder_version=&raquo;4.16&#8243; custom_padding=&raquo;|||&raquo; global_colors_info=&raquo;{}&raquo; custom_padding__hover=&raquo;|||&raquo;][et_pb_text _builder_version=&raquo;4.16&#8243; text_font=&raquo;Poiret One||||||||&raquo; text_font_size=&raquo;18px&raquo; background_layout=&raquo;dark&raquo; global_colors_info=&raquo;{}&raquo;]<\/p>\n<p><strong>Senter for samiske studier<\/strong><br \/> UiT Norges arktiske universitet<br \/> Hansine Hansens veg 18<br \/> 9019 TROMS\u00d8<\/p>\n<p>[\/et_pb_text][\/et_pb_column][et_pb_column type=&raquo;1_3&#8243; _builder_version=&raquo;4.16&#8243; custom_padding=&raquo;|||&raquo; global_colors_info=&raquo;{}&raquo; custom_padding__hover=&raquo;|||&raquo;][et_pb_blurb title=&raquo;Gi tilbakemelding&raquo; url=&raquo;https:\/\/result.uit.no\/reaidu\/om-reaidu-2\/send-oss-en-melding\/&raquo; use_icon=&raquo;on&raquo; font_icon=&raquo;&#x76;||divi||400&#8243; icon_color=&raquo;#ffffff&raquo; icon_placement=&raquo;left&raquo; image_icon_width=&raquo;20px&raquo; _builder_version=&raquo;4.16&#8243; header_font=&raquo;Poiret One||||||||&raquo; header_font_size=&raquo;18px&raquo; body_font=&raquo;Josefin Slab||||||||&raquo; body_font_size=&raquo;19px&raquo; background_layout=&raquo;dark&raquo; icon_font_size=&raquo;20px&raquo; global_colors_info=&raquo;{}&raquo;][\/et_pb_blurb][\/et_pb_column][et_pb_column type=&raquo;1_3&#8243; _builder_version=&raquo;4.16&#8243; custom_padding=&raquo;|||&raquo; global_colors_info=&raquo;{}&raquo; custom_padding__hover=&raquo;|||&raquo;][et_pb_text _builder_version=&raquo;4.16&#8243; text_font=&raquo;Poiret One||||||||&raquo; text_font_size=&raquo;19px&raquo; background_layout=&raquo;dark&raquo; global_colors_info=&raquo;{}&raquo;]reaidu@uit.no<br \/>\n[\/et_pb_text][\/et_pb_column][\/et_pb_row][et_pb_row _builder_version=&raquo;4.16&#8243; background_size=&raquo;initial&raquo; background_position=&raquo;top_left&raquo; background_repeat=&raquo;repeat&raquo; global_colors_info=&raquo;{}&raquo;][et_pb_column type=&raquo;4_4&#8243; _builder_version=&raquo;4.16&#8243; custom_padding=&raquo;|||&raquo; global_colors_info=&raquo;{}&raquo; custom_padding__hover=&raquo;|||&raquo;][et_pb_divider color=&raquo;#ffffff&raquo; _builder_version=&raquo;4.16&#8243; global_colors_info=&raquo;{}&raquo;][\/et_pb_divider][\/et_pb_column][\/et_pb_row][et_pb_row column_structure=&raquo;1_3,1_3,1_3&#8243; _builder_version=&raquo;4.16&#8243; background_size=&raquo;initial&raquo; background_position=&raquo;top_left&raquo; background_repeat=&raquo;repeat&raquo; global_colors_info=&raquo;{}&raquo;][et_pb_column type=&raquo;1_3&#8243; _builder_version=&raquo;4.16&#8243; custom_padding=&raquo;|||&raquo; global_colors_info=&raquo;{}&raquo; custom_padding__hover=&raquo;|||&raquo;][et_pb_text _builder_version=&raquo;4.16&#8243; text_font=&raquo;Poiret One||||||||&raquo; background_layout=&raquo;dark&raquo; global_colors_info=&raquo;{}&raquo;]Design &amp; utvikling: Sesam<br \/>\n[\/et_pb_text][\/et_pb_column][et_pb_column type=&raquo;1_3&#8243; _builder_version=&raquo;4.16&#8243; custom_padding=&raquo;|||&raquo; global_colors_info=&raquo;{}&raquo; custom_padding__hover=&raquo;|||&raquo;][et_pb_text _builder_version=&raquo;4.16&#8243; text_font=&raquo;Poiret One||||||||&raquo; background_layout=&raquo;dark&raquo; global_colors_info=&raquo;{}&raquo;]<\/p>\n<p><span>www.uit.no\/reaidu\/<\/span><\/p>\n<p>[\/et_pb_text][\/et_pb_column][et_pb_column type=&raquo;1_3&#8243; _builder_version=&raquo;4.16&#8243; custom_padding=&raquo;|||&raquo; global_colors_info=&raquo;{}&raquo; custom_padding__hover=&raquo;|||&raquo;][et_pb_text _builder_version=&raquo;4.16&#8243; text_font=&raquo;Poiret One||||||||&raquo; background_layout=&raquo;dark&raquo; global_colors_info=&raquo;{}&raquo;][\/et_pb_text][\/et_pb_column][\/et_pb_row][\/et_pb_section]<\/p>\n","protected":false},"excerpt":{"rendered":"<p>\u00abLettkrenka samer\u00bb var en gjenganger i beskrivelser som ble brukt brukt da det kom kritikk mot Nortura for navnet og logoen til hermetikkmaten \u00abJoika\u00bb. I NRK-serien Ikke sp\u00f8r om det blir syv samer invitert til \u00e5 svare p\u00e5&#8230;<\/p>\n","protected":false},"author":1964,"featured_media":244341,"comment_status":"open","ping_status":"closed","sticky":false,"template":"","format":"standard","meta":{"_et_pb_use_builder":"on","_et_pb_old_content":"","_et_gb_content_width":"","footnotes":""},"categories":[1],"tags":[],"class_list":["post-244223","post","type-post","status-publish","format-standard","has-post-thumbnail","hentry","category-uncategorised"],"_links":{"self":[{"href":"https:\/\/result.uit.no\/reaidu\/wp-json\/wp\/v2\/posts\/244223","targetHints":{"allow":["GET"]}}],"collection":[{"href":"https:\/\/result.uit.no\/reaidu\/wp-json\/wp\/v2\/posts"}],"about":[{"href":"https:\/\/result.uit.no\/reaidu\/wp-json\/wp\/v2\/types\/post"}],"author":[{"embeddable":true,"href":"https:\/\/result.uit.no\/reaidu\/wp-json\/wp\/v2\/users\/1964"}],"replies":[{"embeddable":true,"href":"https:\/\/result.uit.no\/reaidu\/wp-json\/wp\/v2\/comments?post=244223"}],"version-history":[{"count":0,"href":"https:\/\/result.uit.no\/reaidu\/wp-json\/wp\/v2\/posts\/244223\/revisions"}],"wp:featuredmedia":[{"embeddable":true,"href":"https:\/\/result.uit.no\/reaidu\/wp-json\/wp\/v2\/media\/244341"}],"wp:attachment":[{"href":"https:\/\/result.uit.no\/reaidu\/wp-json\/wp\/v2\/media?parent=244223"}],"wp:term":[{"taxonomy":"category","embeddable":true,"href":"https:\/\/result.uit.no\/reaidu\/wp-json\/wp\/v2\/categories?post=244223"},{"taxonomy":"post_tag","embeddable":true,"href":"https:\/\/result.uit.no\/reaidu\/wp-json\/wp\/v2\/tags?post=244223"}],"curies":[{"name":"wp","href":"https:\/\/api.w.org\/{rel}","templated":true}]}}