{"id":835,"date":"2015-09-11T14:05:19","date_gmt":"2015-09-11T13:05:19","guid":{"rendered":"https:\/\/result.uit.no\/proted\/?p=835"},"modified":"2017-12-14T14:38:30","modified_gmt":"2017-12-14T14:38:30","slug":"statsrad-fikk-13-kilo-uit-forskning","status":"publish","type":"post","link":"https:\/\/result.uit.no\/proted\/statsrad-fikk-13-kilo-uit-forskning\/","title":{"rendered":"Statsr\u00e5d fikk 13 kilo UiT-forskning"},"content":{"rendered":"<p><a href=\"https:\/\/result.uit.no\/proted\/2015\/06\/01\/ministeren-ville-diskutere-masteroppgave\/\" target=\"_blank\" rel=\"noopener\">Da statsr\u00e5den bes\u00f8kte Masterkonferansen ved UiT tidligere i \u00e5r ba han om f\u00e5 samtlige masteroppgaver fra Norges f\u00f8rste kull med masterl\u00e6rere.<\/a>\u00a0R\u00f8e Isaksen hadde lest seg gjennom listen over titlene p\u00e5 samtlige oppgaver til de 58 masterstudentene.<\/p>\n<p>\u2013 Oppgavetitlene viser at forskningen som er gjort g\u00e5r rett inn i helt reelle problemer, de g\u00e5r rett inn i klasserommet \u2013 og de g\u00e5r rett inn i den skolepolitiske debatten og kommer b\u00e5de skolen og elevene til gode, sa kunnskapsministeren da han bestilte oppgavene fra UiT.<\/p>\n<p><strong>Universitetsskoler<br \/>\n<\/strong>Fredag ettermiddag bes\u00f8kte ministeren UiT i Alta, og fikk med seg 13 kilo med masteroppgaver fra leder for Institutt for l\u00e6rerutdanning og pedagogikk, Odd-Arne Thunberg.<\/p>\n<div id=\"attachment_838\" style=\"width: 310px\" class=\"wp-caption alignright\"><img decoding=\"async\" aria-describedby=\"caption-attachment-838\" class=\"wp-image-838 size-medium lazyload\" data-src=\"https:\/\/result.uit.no\/proted\/wp-content\/uploads\/sites\/45\/2017\/12\/2MK2015-300x184.jpg\" alt=\"\" width=\"300\" height=\"184\" data-srcset=\"https:\/\/result.uit.no\/proted\/wp-content\/uploads\/sites\/45\/2017\/12\/2MK2015-300x184.jpg 300w, https:\/\/result.uit.no\/proted\/wp-content\/uploads\/sites\/45\/2017\/12\/2MK2015.jpg 400w\" data-sizes=\"(max-width: 300px) 100vw, 300px\" src=\"data:image\/svg+xml;base64,PHN2ZyB3aWR0aD0iMSIgaGVpZ2h0PSIxIiB4bWxucz0iaHR0cDovL3d3dy53My5vcmcvMjAwMC9zdmciPjwvc3ZnPg==\" style=\"--smush-placeholder-width: 300px; --smush-placeholder-aspect-ratio: 300\/184;\" \/><p id=\"caption-attachment-838\" class=\"wp-caption-text\">Oppgavene fra de 58 l\u00e6rermasterene ved UiT Norges arktiske universitet ble bestilt av kunnskapsministeren fordi han mente de er sv\u00e6rt relevante for norsk skole.<\/p><\/div>\n<p>\u2013 Her finner du helt fersk forskning fra dagens skole, forskning som har fokus<\/p>\n<p>p\u00e5 kombinasjonen praksis, fag og forskning, sa Thunberg. Han orienterte statsr\u00e5den om at UiT satser p\u00e5 masterutdanning for l\u00e6rere ogs\u00e5 i Alta, og at masteren for 1.7.-trinn allerede er p\u00e5 plass.<\/p>\n<p>\u2013 Neste \u00e5r starter vi opp et masterl\u00f8p for trinnene 5.-10., sa Thunberg, og fortalte statsr\u00e5den at UiT og Alta kommune nettopp har inng\u00e5tt et samarbeid om universitetsskoler ogs\u00e5 i Nordlysbyen.\u00a0De to f\u00f8rste skolene kom p\u00e5 plass tidligere i \u00e5r.<\/p>\n<p><strong>Tettere b\u00e5nd<br \/>\n<\/strong>\u2013 Erfaringene vi har fra masterutdanningen i Troms\u00f8 er at universitetsskoler er en helt vesentlig faktor i masterutdanningen. Vi er n\u00f8dt til \u00e5 knytte tettere b\u00e5nd mellom l\u00e6rerutdannerne og skolene, og vi ser at vi har lyktes med det i Troms\u00f8. Derfor er vi sv\u00e6rt forn\u00f8yd med \u00e5 ha universitetsskoler p\u00e5 plass i Alta, sier Thunberg.\u00a0<a href=\"http:\/\/www.vg.no\/nyheter\/innenriks\/skolestart\/alle-de-70-nye-master-laererne-i-jobb\/a\/23506541\/\" target=\"_blank\" rel=\"noopener\">Han er ogs\u00e5 forn\u00f8yd med at \u00e5rets masterkull gikk rett fra studiene og ut i jobb.<\/a><\/p>\n<p>\u2013 Samtlige er i jobb i dag, og\u00a0<a href=\"https:\/\/uit.no\/nyheter\/artikkel?p_document_id=422903&amp;p_dim=88147\" target=\"_blank\" rel=\"noopener\">signalene vi har f\u00e5tt fra rektorer er at de ikke fikk tak i s\u00e5 mange masterl\u00e6rere som de \u00f8nske<\/a>t, sier Thunberg.<\/p>\n<p><strong>Bedre skole<br \/>\n<\/strong>Kunnskapsministeren bes\u00f8kte UiT i Alta for \u00e5 treffe studenter og ansatte og benyttet anledningen til \u00e5 snakke om omstilling og morgensdagens utfordringer, ogs\u00e5 i skolen. P\u00e5 sp\u00f8rsm\u00e5l fra instituttleder Thunberg om hvilke ambisjoner han har for l\u00e6rerutdanningen i region Finnmark og spesielt i universitetsbyen Alta, uttrykte statsr\u00e5den stor entusiasme for det arbeidet UiT har gjort i nord.<\/p>\n<p>\u2013 Universitetsskoler er et kjempeviktig bidrag for \u00e5 skape en bedre skole, og den utviklingen vi ser i Finnmark etter fusjonen mellom H\u00f8gskolen i Finnmark og UiT Norges arktiske universitet, er en utvikling vi vil ha i resten av landet, sa R\u00f8e Isaken.<\/p>\n<div id=\"attachment_836\" style=\"width: 310px\" class=\"wp-caption alignright\"><img decoding=\"async\" aria-describedby=\"caption-attachment-836\" class=\"size-medium wp-image-836 lazyload\" data-src=\"https:\/\/result.uit.no\/proted\/wp-content\/uploads\/sites\/45\/2017\/12\/3MK2015-300x200.jpg\" alt=\"\" width=\"300\" height=\"200\" data-srcset=\"https:\/\/result.uit.no\/proted\/wp-content\/uploads\/sites\/45\/2017\/12\/3MK2015-300x200.jpg 300w, https:\/\/result.uit.no\/proted\/wp-content\/uploads\/sites\/45\/2017\/12\/3MK2015.jpg 400w\" data-sizes=\"(max-width: 300px) 100vw, 300px\" src=\"data:image\/svg+xml;base64,PHN2ZyB3aWR0aD0iMSIgaGVpZ2h0PSIxIiB4bWxucz0iaHR0cDovL3d3dy53My5vcmcvMjAwMC9zdmciPjwvc3ZnPg==\" style=\"--smush-placeholder-width: 300px; --smush-placeholder-aspect-ratio: 300\/200;\" \/><p id=\"caption-attachment-836\" class=\"wp-caption-text\">\u2013 Utviklingen vi ser i Finnmark etter fusjonen mellom H\u00f8gskolen i Finnmark og UiT Norges arktiske universitet, er en utvikling vi vil ha i resten av landet, mener Torbj\u00f8rn R\u00f8e Isaken<\/p><\/div>\n<p><strong>Stort bidrag<br \/>\n<\/strong>Ministeren mener at erfaringene fra masteren i Troms\u00f8 vil v\u00e6re et stort bidrag til det som skal prege skolen i mange ti\u00e5r framover. Fra 2017 skal alle l\u00e6rerutdanninger i Norge bli masterutdanninger, og kunnskapsministeren \u00f8nsker at UiT-modellen skal danne grunnlaget for hvordan morgendagens l\u00e6rerutdanning blir formet.<\/p>\n<p>\u2013 \u00a0Den praksisn\u00e6re utdanningen med forskningsfokus gir oss faglig sterke l\u00e6rere som reflekterer over egen praksis og som blir gode lagspillere, mener Torbj\u00f8rn R\u00f8e Isaksen.<\/p>\n<p>&nbsp;<\/p>\n<p>Tekst og foto: Stig Br\u00f8ndb\u00f8. Opprinnelig publisert p\u00e5\u00a0<a href=\"https:\/\/uit.no\/nyheter\/artikkel?p_document_id=432122&amp;p_dim=88147\">UiTs nettsider<\/a>\u00a011.09.2015<\/p>\n<p><strong>\u00a0<\/strong><\/p>\n","protected":false},"excerpt":{"rendered":"<p>Fredag fikk Kunnskapsminister Torbj\u00f8rn R\u00f8e Isaksen 13 kilo med fersk og praksisn\u00e6r skoleforskning fra l\u00e6rermasterne ved UiT Norges arktiske universitet.<\/p>\n","protected":false},"author":1078,"featured_media":837,"comment_status":"open","ping_status":"closed","sticky":false,"template":"","format":"standard","meta":{"_et_pb_use_builder":"","_et_pb_old_content":"","_et_gb_content_width":"","footnotes":""},"categories":[14,15,12],"tags":[27,23,24,18,22],"class_list":["post-835","post","type-post","status-publish","format-standard","has-post-thumbnail","hentry","category-masterkonferansen","category-masterutdanningen","category-universitetsskoleprosjektet","tag-integrert-master","tag-masterkonferansen","tag-norges-arktiske-universitet","tag-proted","tag-uit"],"_links":{"self":[{"href":"https:\/\/result.uit.no\/proted\/wp-json\/wp\/v2\/posts\/835","targetHints":{"allow":["GET"]}}],"collection":[{"href":"https:\/\/result.uit.no\/proted\/wp-json\/wp\/v2\/posts"}],"about":[{"href":"https:\/\/result.uit.no\/proted\/wp-json\/wp\/v2\/types\/post"}],"author":[{"embeddable":true,"href":"https:\/\/result.uit.no\/proted\/wp-json\/wp\/v2\/users\/1078"}],"replies":[{"embeddable":true,"href":"https:\/\/result.uit.no\/proted\/wp-json\/wp\/v2\/comments?post=835"}],"version-history":[{"count":0,"href":"https:\/\/result.uit.no\/proted\/wp-json\/wp\/v2\/posts\/835\/revisions"}],"wp:featuredmedia":[{"embeddable":true,"href":"https:\/\/result.uit.no\/proted\/wp-json\/wp\/v2\/media\/837"}],"wp:attachment":[{"href":"https:\/\/result.uit.no\/proted\/wp-json\/wp\/v2\/media?parent=835"}],"wp:term":[{"taxonomy":"category","embeddable":true,"href":"https:\/\/result.uit.no\/proted\/wp-json\/wp\/v2\/categories?post=835"},{"taxonomy":"post_tag","embeddable":true,"href":"https:\/\/result.uit.no\/proted\/wp-json\/wp\/v2\/tags?post=835"}],"curies":[{"name":"wp","href":"https:\/\/api.w.org\/{rel}","templated":true}]}}