{"id":751,"date":"2017-04-12T13:47:36","date_gmt":"2017-04-12T12:47:36","guid":{"rendered":"https:\/\/result.uit.no\/proted\/?p=751"},"modified":"2017-12-01T14:44:02","modified_gmt":"2017-12-01T14:44:02","slug":"bekymret-for-frafall-blant-ferske-laerere-med-master","status":"publish","type":"post","link":"https:\/\/result.uit.no\/proted\/bekymret-for-frafall-blant-ferske-laerere-med-master\/","title":{"rendered":"Bekymret for frafall blant ferske l\u00e6rere med master"},"content":{"rendered":"<p>V\u00e5ren 2015 gikk de f\u00f8rste nyutdannede l\u00e6rere fra den nye fem\u00e5rig masterbaserte grunnskolel\u00e6rerutdanningen ved UiT Norges arktiske universitet ut. Utdanningen er innf\u00f8rt som en pilot i Troms\u00f8, og l\u00e6rerutdannere ved universitetet fant ut at de m\u00e5tte finne ut av hvordan det gikk med de nyutdannede og etablerte en f\u00f8lgeforskning av studentene.<\/p>\n<p>Fra det f\u00f8rste kullet har de snakket med 22 studenter, fra kull 2 (fra 2016) 12 studenter og fra kull 3 som g\u00e5r ut n\u00e5 vil de ogs\u00e5 ha kontakt med 12 studenter.<\/p>\n<p>Fra starten var de to forskere som grep fatt, deriblant Rachel Jakhelln. Etterhvert har de f\u00e5tt med seg to profesjonsforskere i arbeidet, som p\u00e5 godt nordnorsk vis har \u00abballa p\u00e5 seg\u00bb.<\/p>\n<p><strong>Cand. nyutdannede l\u00e6rere<br \/>\n<\/strong> Jakhelln er f\u00f8rsteamanuensis p\u00e5 Institutt for l\u00e6rerutdanning og pedagogikk ved UiT Norges arktiske universitet. I 2011 disputerte hun med doktorgrad p\u00e5 nyutdannede l\u00e6rere. Jakhelln er alts\u00e5 mer en gjennomsnittet interessert i dette temaet, og har mer kompetanse enn de fleste av oss p\u00e5 hvordan nyutdannede l\u00e6rere blir m\u00f8tt n\u00e5r de starter p\u00e5 jobb ute i skolene.<\/p>\n<p>&#8211; Vi har intervjuet de f\u00f8rste masterutdannede l\u00e6rerne en gang siden de gikk ut, og hatt kontakt med dem ved \u00e5rsskiftet p\u00e5 e-post to ganger. Vi har ogs\u00e5 etablert kontakt med de senere kull, forteller Jakhelln. Det har v\u00e6rt mange l\u00e6rere med master tidligere, det nye er alts\u00e5 at det er en fem\u00e5rig integrert profesjonsutdanning over fem \u00e5r. Ved UiT Norges arktiske universitet starter man en pilot p\u00e5 denne utdanningen i 2010. Fra h\u00f8sten 2017 er det slik alle landets l\u00e6rerutdanninger er, fem\u00e5rig og masterbasert.<\/p>\n<p><strong>Stor variasjon i hvordan de blir m\u00f8tt<br \/>\n<\/strong> Jakhelln understreker at de s\u00e5 langt har kommet veldig kort i arbeidet med \u00e5 f\u00f8lge de nytudannede l\u00e6rerne, likevel ser de allerede n\u00e5 noen tendenser som er verd \u00e5 f\u00f8lge opp videre.<\/p>\n<div id=\"attachment_764\" style=\"width: 250px\" class=\"wp-caption alignright\"><img decoding=\"async\" aria-describedby=\"caption-attachment-764\" class=\"size-medium wp-image-764 lazyload\" data-src=\"https:\/\/result.uit.no\/proted\/wp-content\/uploads\/sites\/45\/2017\/04\/2krono-240x300.jpg\" alt=\"\" width=\"240\" height=\"300\" data-srcset=\"https:\/\/result.uit.no\/proted\/wp-content\/uploads\/sites\/45\/2017\/04\/2krono-240x300.jpg 240w, https:\/\/result.uit.no\/proted\/wp-content\/uploads\/sites\/45\/2017\/04\/2krono.jpg 485w\" data-sizes=\"(max-width: 240px) 100vw, 240px\" src=\"data:image\/svg+xml;base64,PHN2ZyB3aWR0aD0iMSIgaGVpZ2h0PSIxIiB4bWxucz0iaHR0cDovL3d3dy53My5vcmcvMjAwMC9zdmciPjwvc3ZnPg==\" style=\"--smush-placeholder-width: 240px; --smush-placeholder-aspect-ratio: 240\/300;\" \/><p id=\"caption-attachment-764\" class=\"wp-caption-text\">Rachel Jakhelln<\/p><\/div>\n<p>&#8211; Det varierer\u00a0mye\u00a0hvordan de nyutdannede\u00a0l\u00e6rerne blir tatt i mot. Mange skoleledere og rektorer\u00a0ser p\u00e5 dem som ren arbeidskraft og ansetter folk for \u00e5 fylle opp\u00a0skolens\u00a0behov med tanke p\u00e5 antall stillinger,\u00a0sier\u00a0skoleforskeren.<\/p>\n<p>Hun legger til at hun ogs\u00e5 ser skoler der ledelsen er flinke til \u00e5 se de ferske\u00a0l\u00e6rerne som\u00a0en ressurs og gode\u00a0profesjonsut\u00f8verne.<\/p>\n<p>&#8211; Men: Ikke sjelden ser vi at disse nyutdannede\u00a0l\u00e6rerne \u00a0m\u00e5 undervise i 6-7 forskjellige fag, og slett ikke alltid f\u00e5r de anledning \u00e5 undervise i det faget de faktisk har master i. De kan\u00a0ogs\u00e5\u00a0bli satt til \u00e5 lede innf\u00f8ringsklasser, jobbe med spesialpedagogikk og andre omr\u00e5der de kanskje ikke har spesiell\u00a0kompetanse\u00a0i.<\/p>\n<p><strong>&#8211; Har ikke r\u00e5d til \u00e5 miste en\u00a0eneste\u00a0l\u00e6rer<br \/>\n<\/strong>Jakhelln understreker igjen at de har kommet kort med sitt forskningsarbeid, med resultatene allerede\u00a0er s\u00e5pass urovekkende at hun synes de m\u00e5 kommunisere\u00a0det\u00a0ut.<\/p>\n<p>&#8211; Flere av de vi snakker med vurderer allerede etter mindre enn to \u00e5r som l\u00e6rer \u00e5 finne seg et annet yrke, ta seg en annen utdanning. Vi har s\u00e5gar et eksempel p\u00e5 en l\u00e6rer som har startet p\u00e5 master i et nytt fag, fordi vedkommende er satt til \u00e5 undervise i ander fag enn de hun har fra\u00a0f\u00f8r\u00a0av.<\/p>\n<p>Men det er frafallet som bekymrer\u00a0Jakhelln\u00a0mest.<\/p>\n<p>&#8211; Om ti \u00e5r vil vi mangle 30.000 l\u00e6rere i Norge\u00a0om vi utdanner l\u00e6rere i den takten vi gj\u00f8r n\u00e5. Og her i nord er situasjonen spesielt ille. Vi har ikke r\u00e5d til \u00e5 miste en enste l\u00e6rer og skoleledelsen m\u00e5 l\u00e6re mer og bedre om det \u00e5 ta i mot nyutdannede\u00a0l\u00e6rere, sl\u00e5r\u00a0hun\u00a0fast.<\/p>\n<p><strong>M\u00e5 bli tema\u00a0i\u00a0rektorutdanningen<br \/>\n<\/strong>Jakhelln\u00a0sier\u00a0hun er overbevist om at utfordringen med personalpolitikk generelt og mottak av nyutdannede\u00a0l\u00e6rere spesielt, m\u00e5 adresseres p\u00e5 en mye bedre m\u00e5te\u00a0i\u00a0rektorutdanningen.<\/p>\n<p>I sitt doktorgradsarbeid var det blant annet tema et skolene manglet utpekte utviklingsomr\u00e5der. Dette har v\u00e6rt tatt opp som et tema i rektorutdanningen, og Jakhelln ser\u00a0stor\u00a0endring\u00a0p\u00e5\u00a0omr\u00e5det.<\/p>\n<p>&#8211; Det er stor forskjell p\u00e5 hva de nyutdannede\u00a0l\u00e6rerne svarer i dag sammenlignet med i 2011. I 2011 visste\u00a0studentene lite om dette temaet, i dag svarer de b\u00e5de at de er informert og involvert. Dette er bra, og sier at det nytter \u00e5 sette temaer p\u00e5 dagsorden i lederutdanningen. Jeg vil gjerne se den samme utviklingen p\u00e5 omr\u00e5det personalpolitikk,\u00a0sier\u00a0Jakhelln.<\/p>\n<p><strong>Blir d\u00e5rlig undervisning,\u00a0utrygge\u00a0l\u00e6rere<br \/>\n<\/strong>Jakhelln sier at det bilde forskerne f\u00e5r er en skoleledelse og rektorer som ser sitt ansvar for \u00e5 sette opp stillingene og fylle disse ved skolen sin og er mer opptatt av \u00e5 f\u00e5 kabalen til \u00e5 g\u00e5 opp, enn \u00e5 gi de nyutdannede\u00a0l\u00e6rerne den yrkesstarten de burde f\u00e5\u00a0som\u00a0profesjonsut\u00f8verne.<\/p>\n<p>&#8211; L\u00e6rerne\u00a0forteller at\u00a0n\u00e5r\u00a0de blir satt til \u00e5 undervise fag de ikke\u00a0har bakgrunn i,\u00a0og da er det vanskeligere\u00a0\u00e5 gj\u00f8re en god jobb. L\u00e6rerne forteller at elevene deres merker at de underviser sv\u00e6rt godt i enkelte fag og at det blir langt d\u00e5rligere i de andre fagene.\u00a0Denne kontrasten er vanskelig for l\u00e6rene, men ogs\u00e5\u00a0for\u00a0elevene.<\/p>\n<p><em>&#8211; Er de nyutdannede\u00a0masterl\u00e6rene\u00a0litt\u00a0kravstore?<\/em><\/p>\n<p>&#8211; Nei, det er p\u00e5 ingen m\u00e5te v\u00e5r opplevelse. De nyutdannede\u00a0l\u00e6rerne\u00a0kommuniserer at de ser l\u00e6rermangelen og skolens behov, og de har et stort \u00f8nske og forst\u00e5else for skolens utfordringer. De sier de gjerne vil bidra p\u00e5 alle tenkelige m\u00e5ter, sier Jakhelln, men\u00a0legger\u00a0til:<\/p>\n<p>&#8211; Problemet er at den arbeidshverdagen som m\u00f8ter dem gj\u00f8r dem utrygge i jobben og de f\u00e5r d\u00e5rlig selvtillit, og for noen blir dette s\u00e5pass usikkert og t\u00f8ft at de ser seg om etter en annen type jobb. V\u00e5r vurdering er at det ikke beh\u00f8vd \u00e5 v\u00e6re s\u00e5nn, hvis skolens ledelse hadde v\u00e6rt mer og bedre innrettet\u00a0p\u00e5 \u00e5 ta vare p\u00e5 denne ressursen for skolen,\u00a0sier\u00a0Jakhelln.<\/p>\n<p><strong>\u00abMasteren ga\u00a0meg\u00a0ryggrad\u00bb<br \/>\n<\/strong>Jakhelln har p\u00e5 den andre siden ogs\u00e5 med seg godord til statsr\u00e5d Isaksen som har hatt ansvaret for at den fem\u00e5rige profesjonsutdanningen\u00a0med master for l\u00e6rere starter opp fra\u00a0h\u00f8sten\u00a0av.<\/p>\n<p>&#8211; For oss virker det som at de nyutdannede\u00a0l\u00e6rene som kommer med fem\u00e5rig masterbasert utdanning f\u00f8ler seg faglig trygge, og mer faglig tryggere enn tidligere, sier Jakhelln, og hun\u00a0legger\u00a0til:<\/p>\n<p>&#8211; De nyutdannede\u00a0sier at de\u00a0i mindre grad\u00a0trenger \u00e5 lese seg opp p\u00e5 fag i hverdagen, og at de dermed kan bruke mer tid p\u00e5 hvordan jobbe bedre didaktisk, klasseledelse, og har mer tid til m\u00f8tet med de\u00a0enkelte\u00a0elever.<\/p>\n<p>Og Jakhelln\u00a0forteller\u00a0videre:<\/p>\n<p>En av respondenter sa det rett og slett slik \u00abMasteren ga meg ryggrad, og stolthet for\u00a0min\u00a0utdanning\u00bb.<\/p>\n<p>Og Jakhelln responderer slik\u00a0p\u00e5\u00a0dette:<\/p>\n<p>&#8211; Denne stoltheten fant jeg ikke samme grad f\u00f8r, tvert i mot, noen kunne synes det var litt vanskelig \u00e5 si at de\u00a0var\u00a0l\u00e6rere. Isaksen\u00a0og landets politiske ledelse h\u00f8ster alts\u00e5 ros for den profesjonaliseringen som har skjedd, men Jakhelln trekker fram til at dette m\u00e5 skje p\u00e5 alle plan, ogs\u00e5 inn i skoleledelsen og ogs\u00e5 hos\u00a0skoleeier,\u00a0kommunene.<\/p>\n<p><strong>Har vedtatt nasjonale\u00a0rammer<br \/>\n<\/strong>23. februar 2017 vedtok Stortinget\u00a0f\u00f8lgende:<\/p>\n<blockquote><p>\u00abStortinget ber regjeringen i samarbeid med partene utforme nasjonale rammer for en veiledningsordning for nyutdannede l\u00e6rere som ivaretar at alle nytilsatte omfattes av ordningen, og som gir rom for lokal\u00a0tilpasning\u00bb.<\/p><\/blockquote>\n<p>Arbeiderpartiets Christian Tynning Bj\u00f8rn\u00f8 var veldig forn\u00f8yd med vedtaket og sa i f\u00f8lge\u00a0utdanningsnytt.no og\u00a0<span class=\"caps\">NTB<\/span>\u00a0at det\u00a0er alvorlig at en av tre nyutdannede l\u00e6rere slutter i skolen innen fem\u00a0\u00e5r.<\/p>\n<p>&#8211; Mange opplever et \u00abpraksissjokk\u00bb som de ikke f\u00e5r n\u00f8dvendig veiledning til \u00e5 h\u00e5ndtere. N\u00e5 m\u00e5 R\u00f8e Isaksen komme raskt i gang med oppf\u00f8lgingen og s\u00f8rge for at nye l\u00e6rere f\u00e5r den oppf\u00f8lgingen de trenger, sa\u00a0han.<\/p>\n<p>Det er Kunnskapsdepartementet, Utdanningsforbundet og kommuneorganisasjonen\u00a0<span class=\"caps\">KS<\/span>\u00a0som n\u00e5 seg imellom skal avklare hva veiledningen\u00a0skal best\u00e5 i og hvordan den skal\u00a0organiseres. \u2014 Det finnes mye god, lokal oppf\u00f8lging, men det er ogs\u00e5 kommuner som ikke har noe system for dette i det hele tatt. Vi \u00f8nsker \u00e5 ansvarliggj\u00f8re kommunene, sa\u00a0H\u00f8yres utdanningspolitiske talsmann Kent Gudmundsen til\u00a0<span class=\"caps\">NTB<\/span>\u00a0om vedtaket og ordningen da et var\u00a0vedtatt.<\/p>\n<p><strong>Pedagogstudentene: \u2014 Helt\u00a0enig<br \/>\n<\/strong>Silje Marie Bentzen er leder for Pedagogstudentene i\u00a0Utdanningsforbundet.<\/p>\n<div id=\"attachment_766\" style=\"width: 310px\" class=\"wp-caption alignright\"><img decoding=\"async\" aria-describedby=\"caption-attachment-766\" class=\"wp-image-766 size-medium lazyload\" data-src=\"https:\/\/result.uit.no\/proted\/wp-content\/uploads\/sites\/45\/2017\/04\/3krono-300x200.jpg\" alt=\"\" width=\"300\" height=\"200\" data-srcset=\"https:\/\/result.uit.no\/proted\/wp-content\/uploads\/sites\/45\/2017\/04\/3krono-300x200.jpg 300w, https:\/\/result.uit.no\/proted\/wp-content\/uploads\/sites\/45\/2017\/04\/3krono-768x512.jpg 768w, https:\/\/result.uit.no\/proted\/wp-content\/uploads\/sites\/45\/2017\/04\/3krono.jpg 970w\" data-sizes=\"(max-width: 300px) 100vw, 300px\" src=\"data:image\/svg+xml;base64,PHN2ZyB3aWR0aD0iMSIgaGVpZ2h0PSIxIiB4bWxucz0iaHR0cDovL3d3dy53My5vcmcvMjAwMC9zdmciPjwvc3ZnPg==\" style=\"--smush-placeholder-width: 300px; --smush-placeholder-aspect-ratio: 300\/200;\" \/><p id=\"caption-attachment-766\" class=\"wp-caption-text\">Silje Marie Bentzen ved Pedagogstudentene<\/p><\/div>\n<p>&#8211; Vi er helt enig med troms\u00f8forskerne\u00a0i at veiledning og mentorordning ikke er nok.\u00a0Pedagogstudentene er sv\u00e6rt forn\u00f8yd med at det n\u00e5 skal utarbeides nasjonale rammer for veiledningsordning, men mener dette ikke fratar lederen et spesielt\u00a0ansvar for \u00e5 differensiere og tilrettelegge for de nyutdannede.Det m\u00e5 legges til rette\u00a0for de nyutdannede\u00a0p\u00e5 en langt bedre m\u00e5te enn det som ofte er tilfelle i dag, sier Bentzen til\u00a0Khrono.<\/p>\n<p>Hun trekker fram at det b\u00f8r v\u00e6re en selvf\u00f8lge at det ikke er de nyutdannede\u00a0som f\u00e5r de mest utfordrende\u00a0klassene eller de mest sprikende fagkombinasjonene\u00a0og\u00a0undervisningplanene.<\/p>\n<p>&#8211; Slike situasjoner\u00a0kan v\u00e6re en stor\u00a0grunn til at de ferske l\u00e6rerne forlater skolen, og mer enn noen gang er det viktig at denne trenden blir\u00a0snudd, sier\u00a0hun.<\/p>\n<p><strong>Spesielle utfordringer i\u00a0nord<br \/>\n<\/strong>Hun trekker fram at skoleledelsen p\u00e5 en langt bedre m\u00e5te m\u00e5 legge forholdene til rette for de nyutdannede, at de f\u00e5r undervist i de fagene de har st\u00f8rst kompetanse i, og f\u00e5r anledning til vokse som\u00a0nyansatte.<\/p>\n<p>&#8211; Mentor og veiledning er viktig, men alle de ansatte i skolen, m\u00e5 bli flinkere til \u00e5 se den nyutdannede\u00a0l\u00e6reren som en ressurs, og ogs\u00e5 v\u00e6re \u00e5pne for den nye kompetansen disse kommer med fra dagens l\u00e6rerutdanning, sie\u00a0Bentzen.<\/p>\n<p>Bentzen trekker fram at\u00a0situasjonen\u00a0nok er ekstra\u00a0vanskelig\u00a0i\u00a0nord,<\/p>\n<p>&#8211; Det holder ikke med ekstrastipend\u00a0som f\u00f8rst vil virke om fem \u00e5r, vi etterlyser flere\u00a0helhetlige\u00a0tiltak\u00a0som sikrer at de nyutdannede\u00a0og skolene f\u00e5r den hjelpen og de ressursene de trenger, sier Bentzen, og legger\u00a0til:<\/p>\n<p>&#8211; B\u00e5de regjeringen og\u00a0<span class=\"caps\">KS<\/span>\u00a0har et ansvar for \u00e5 f\u00f8lge opp at skolene f\u00e5r de ressursene de trenger, og\u00a0at skolene tilrettelegger for de nyutdannede\u00a0ogs\u00e5 ut over veiledningsordningen.<\/p>\n<p><strong>Rektorutdanningen<br \/>\n<\/strong>F\u00f8rsteamanuensis Jan Merok Paulsen jobber med rektorutdanningen ved H\u00f8gskolen i Oslo og Akershus\u00a0(HiOA).<\/p>\n<p>Vi har tatt kontakt med Paulsen for \u00e5 h\u00f8re om han er enig med troms\u00f8forskerne at noe m\u00e5 gj\u00f8res ogs\u00e5 med rektorutdanningen for \u00e5 bedre forholdene for de ferske l\u00e6rerne som kommer ut\u00a0i\u00a0skolen.<\/p>\n<p>Paulsen understreker at dagens rektorer har et stort ansvar p\u00e5 sine skuldre, og der utfordringen som leder er \u00e5 utvikle skolen som et kollektivt l\u00e6rende\u00a0system, slik at nye l\u00e6reres behov for effektiv praksisl\u00e6ring p\u00e5 jobben blir\u00a0ivaretatt.<\/p>\n<div id=\"attachment_765\" style=\"width: 310px\" class=\"wp-caption alignright\"><img decoding=\"async\" aria-describedby=\"caption-attachment-765\" class=\"wp-image-765 size-medium lazyload\" data-src=\"https:\/\/result.uit.no\/proted\/wp-content\/uploads\/sites\/45\/2017\/04\/4krono-300x225.jpg\" alt=\"\" width=\"300\" height=\"225\" data-srcset=\"https:\/\/result.uit.no\/proted\/wp-content\/uploads\/sites\/45\/2017\/04\/4krono-300x225.jpg 300w, https:\/\/result.uit.no\/proted\/wp-content\/uploads\/sites\/45\/2017\/04\/4krono-768x576.jpg 768w, https:\/\/result.uit.no\/proted\/wp-content\/uploads\/sites\/45\/2017\/04\/4krono-510x382.jpg 510w, https:\/\/result.uit.no\/proted\/wp-content\/uploads\/sites\/45\/2017\/04\/4krono.jpg 970w\" data-sizes=\"(max-width: 300px) 100vw, 300px\" src=\"data:image\/svg+xml;base64,PHN2ZyB3aWR0aD0iMSIgaGVpZ2h0PSIxIiB4bWxucz0iaHR0cDovL3d3dy53My5vcmcvMjAwMC9zdmciPjwvc3ZnPg==\" style=\"--smush-placeholder-width: 300px; --smush-placeholder-aspect-ratio: 300\/225;\" \/><p id=\"caption-attachment-765\" class=\"wp-caption-text\">Brit\u00a0Bolken Ballangrud og Jan Merok Paulsen<\/p><\/div>\n<p>&#8211; At det er t\u00f8ft for ferske l\u00e6rere \u00e5 komme ut i skolen er jo ikke en ny problemstilling, og det \u00e5 s\u00f8rge for at profesjonsfellesskapet blant de ansatte p\u00e5 en skole fungerer, deriblant at man har spesielt \u00f8ye p\u00e5 de nyansatte, er en viktig satsing i Rektorutdanningen ved HiOA allerede i dag,\u00a0sier\u00a0Paulsen. Han skj\u00f8nner at troms\u00f8forskerne er bekymret, men er opptatt av at det er mange som m\u00e5 spille p\u00e5 lag for \u00e5 bedre situasjonen for de nye\u00a0l\u00e6rerne. \u2014 Men det er for all del viktig at vi som utdanner dagens og morgendagens ledere i norsk skole har denne problemstillingen h\u00f8gt p\u00e5 agendaen, sier\u00a0Paulsen.<\/p>\n<p><strong>\u2014 M\u00e5 t\u00f8rre \u00e5 flytte p\u00e5\u00a0folk<\/strong><br \/>\nDa vi traff Paulsen satt han og jobbet med et \u00abpaper\u00bb sammen\u00a0med f\u00f8rsteamanuensis\u00a0Brit\u00a0Bolken Ballangrud fra H\u00f8gskolen i S\u00f8r\u00f8st-Norge (<span class=\"caps\">HSN<\/span>). P\u00e5\u00a0<span class=\"caps\">HSN<\/span>\u00a0har de ikke rektorutdanning, men tilbud om skoleledelse som en\u00a0masterfordypning.<\/p>\n<p>&#8211; Jeg tror utfordringene i skole-Norge vil forsterke seg ettersom vi f\u00e5r flere og flere faglig sterke nye l\u00e6rere ut i skolen. Rektorene m\u00e5 t\u00f8rre n\u00e5r de ansetter nye l\u00e6rere \u00e5 se p\u00e5 egen fagsammensetning med nye \u00f8yne.\u00a0Kanskje m\u00e5 gamle klasseteam og faggrupper endres og noen med lang erfaring m\u00e5 f\u00e5 nye og endrede oppgaver. Slike prosesser kan v\u00e6re t\u00f8ffe, og krever mot, integritet og faglig styrke fra rektor, sier Ballangrud og legger\u00a0til:<\/p>\n<p>&#8211; Men bare slik sikrer vi at vi tar vare p\u00e5, b\u00e5de gammel, men ogs\u00e5 ny kompetanse i\u00a0skolen.<\/p>\n<p>Tekst: Eva T\u00f8nnesen. Opprinnelig publisert p\u00e5 <a href=\"https:\/\/khrono.no\/2017\/04\/skolen-og-deres-mottak-av-nye-laerere\" target=\"_blank\" rel=\"noopener\">khrono.no<\/a> 12.04.17<\/p>\n","protected":false},"excerpt":{"rendered":"<p>V\u00e5ren 2015 gikk de f\u00f8rste nyutdannede l\u00e6rere fra den nye fem\u00e5rig masterbaserte grunnskolel\u00e6rerutdanningen ved UiT Norges arktiske universitet ut. Utdanningen er innf\u00f8rt som en pilot i Troms\u00f8, og l\u00e6rerutdannere ved universitetet fant ut at de m\u00e5tte finne ut av hvordan det gikk med de nyutdannede og etablerte en f\u00f8lgeforskning av studentene. Fra det f\u00f8rste kullet [&hellip;]<\/p>\n","protected":false},"author":1078,"featured_media":759,"comment_status":"open","ping_status":"closed","sticky":false,"template":"","format":"standard","meta":{"_et_pb_use_builder":"off","_et_pb_old_content":"V\u00e5ren 2015 gikk de f\u00f8rste nyutdannede l\u00e6rere fra den nye fem\u00e5rig masterbaserte grunnskolel\u00e6rerutdanningen ved UiT Norges arktiske universitet ut. Utdanningen er innf\u00f8rt som en pilot i Troms\u00f8, og l\u00e6rerutdannere ved universitetet fant ut at de m\u00e5tte finne ut av hvordan det gikk med de nyutdannede og etablerte en f\u00f8lgeforskning av studentene.\r\n\r\nFra det f\u00f8rste kullet har de snakket med 22 studenter, fra kull 2 (fra 2016) 12 studenter og fra kull 3 som g\u00e5r ut n\u00e5 vil de ogs\u00e5 ha kontakt med 12 studenter.\r\n\r\nFra starten var de to forskere som grep fatt, deriblant Rachel Jakhelln. Etterhvert har de f\u00e5tt med seg to profesjonsforskere i arbeidet, som p\u00e5 godt nordnorsk vis har \u00abballa p\u00e5 seg\u00bb.\r\n\r\n<strong>Cand. nyutdannede l\u00e6rere<\/strong>\r\nJakhelln er f\u00f8rsteamanuensis p\u00e5 Institutt for l\u00e6rerutdanning og pedagogikk ved UiT Norges arktiske universitet. I 2011 disputerte hun med doktorgrad p\u00e5 nyutdannede l\u00e6rere. Jakhelln er alts\u00e5 mer en gjennomsnittet interessert i dette temaet, og har mer kompetanse enn de fleste av oss p\u00e5 hvordan nyutdannede l\u00e6rere blir m\u00f8tt n\u00e5r de starter p\u00e5 jobb ute i skolene.\r\n\r\n\u2014 Vi har intervjuet de f\u00f8rste masterutdannede l\u00e6rerne en gang siden de gikk ut, og hatt kontakt med dem ved \u00e5rsskiftet p\u00e5 e-post to ganger. Vi har ogs\u00e5 etablert kontakt med de senere kull, forteller Jakhelln.\r\n\r\nDet har v\u00e6rt mange l\u00e6rere med master tidligere, det nye er alts\u00e5 at det er en fem\u00e5rig integrert profesjonsutdanning over fem \u00e5r. Ved UiT Norges arktiske universitet starter man en pilot p\u00e5 denne utdanningen i 2010. Fra h\u00f8sten 2017 er det slik alle landets l\u00e6rerutdanninger er, fem\u00e5rig og masterbasert.\r\n\r\n<strong>Stor variasjon i hvordan de blir m\u00f8tt<\/strong>\r\nJakhelln understreker at de s\u00e5 langt har kommet veldig kort i arbeidet med \u00e5 f\u00f8lge de nytudannede l\u00e6rerne, likevel ser de allerede n\u00e5 noen tendenser som er verd \u00e5 f\u00f8lge opp videre.\r\n\r\n\u2014 Det varierer\u00a0mye\u00a0hvordan de nyutdannede\u00a0l\u00e6rerne blir tatt i mot. Mange skoleledere og rektorer\u00a0ser p\u00e5 dem som ren arbeidskraft og ansetter folk for \u00e5 fylle opp\u00a0skolens\u00a0behov med tanke p\u00e5 antall stillinger,\u00a0sier\u00a0skoleforskeren.\r\n\r\nHun legger til at hun ogs\u00e5 ser skoler der ledelsen er flinke til \u00e5 se de ferske\u00a0l\u00e6rerne som\u00a0en ressurs og gode\u00a0profesjonsut\u00f8verne.\r\n\r\n\u2014 Men: Ikke sjelden ser vi at disse nyutdannede\u00a0l\u00e6rerne \u00a0m\u00e5 undervise i 6-7 forskjellige fag, og slett ikke alltid f\u00e5r de anledning \u00e5 undervise i det faget de faktisk har master i. De kan\u00a0ogs\u00e5\u00a0bli satt til \u00e5 lede innf\u00f8ringsklasser, jobbe med spesialpedagogikk og andre omr\u00e5der de kanskje ikke har spesiell\u00a0kompetanse\u00a0i.\r\n\r\n<strong>\u2014 Har ikke r\u00e5d til \u00e5 miste en\u00a0eneste\u00a0l\u00e6rer\r\n<\/strong>Jakhelln understreker igjen at de har kommet kort med sitt forskningsarbeid, med resultatene allerede\u00a0er s\u00e5pass urovekkende at hun synes de m\u00e5 kommunisere\u00a0det\u00a0ut.\r\n\r\n\u2014 Flere av de vi snakker med vurderer allerede etter mindre enn to \u00e5r som l\u00e6rer \u00e5 finne seg et annet yrke, ta seg en annen utdanning. Vi har s\u00e5gar et eksempel p\u00e5 en l\u00e6rer som har startet p\u00e5 master i et nytt fag, fordi vedkommende er satt til \u00e5 undervise i ander fag enn de hun har fra\u00a0f\u00f8r\u00a0av.\r\n\r\nMen det er frafallet som bekymrer\u00a0Jakhelln\u00a0mest.\r\n\r\n\u2014 Om ti \u00e5r vil vi mangle 30.000 l\u00e6rere i Norge\u00a0om vi utdanner l\u00e6rere i den takten vi gj\u00f8r n\u00e5. Og her i nord er situasjonen spesielt ille. Vi har ikke r\u00e5d til \u00e5 miste en enste l\u00e6rer og skoleledelsen m\u00e5 l\u00e6re mer og bedre om det \u00e5 ta i mot nyutdannede\u00a0l\u00e6rere, sl\u00e5r\u00a0hun\u00a0fast.\r\n\r\n<strong>M\u00e5 bli tema\u00a0i\u00a0rektorutdanningen\r\n<\/strong>Jakhelln\u00a0sier\u00a0hun er overbevist om at utfordringen med personalpolitikk generelt og mottak av nyutdannede\u00a0l\u00e6rere spesielt, m\u00e5 adresseres p\u00e5 en mye bedre m\u00e5te\u00a0i\u00a0rektorutdanningen.\r\n\r\nI sitt doktorgradsarbeid var det blant annet tema et skolene manglet utpekte utviklingsomr\u00e5der. Dette har v\u00e6rt tatt opp som et tema i rektorutdanningen, og Jakhelln ser\u00a0stor\u00a0endring\u00a0p\u00e5\u00a0omr\u00e5det.\r\n\r\n\u2014 Det er stor forskjell p\u00e5 hva de nyutdannede\u00a0l\u00e6rerne svarer i dag sammenlignet med i 2011. I 2011 visste\u00a0studentene lite om dette temaet, i dag svarer de b\u00e5de at de er informert og involvert. Dette er bra, og sier at det nytter \u00e5 sette temaer p\u00e5 dagsorden i lederutdanningen. Jeg vil gjerne se den samme utviklingen p\u00e5 omr\u00e5det personalpolitikk,\u00a0sier\u00a0Jakhelln.\r\n\r\n<strong>Blir d\u00e5rlig undervisning,\u00a0utrygge\u00a0l\u00e6rere\r\n<\/strong>Jakhelln sier at det bilde forskerne f\u00e5r er en skoleledelse og rektorer som ser sitt ansvar for \u00e5 sette opp stillingene og fylle disse ved skolen sin og er mer opptatt av \u00e5 f\u00e5 kabalen til \u00e5 g\u00e5 opp, enn \u00e5 gi de nyutdannede\u00a0l\u00e6rerne den yrkesstarten de burde f\u00e5\u00a0som\u00a0profesjonsut\u00f8verne.\r\n\r\n\u2014\u00a0L\u00e6rerne\u00a0forteller at\u00a0n\u00e5r\u00a0de blir satt til \u00e5 undervise fag de ikke\u00a0har bakgrunn i,\u00a0og da er det vanskeligere\u00a0\u00e5 gj\u00f8re en god jobb. L\u00e6rerne forteller at elevene deres merker at de underviser sv\u00e6rt godt i enkelte fag og at det blir langt d\u00e5rligere i de andre fagene.\u00a0Denne kontrasten er vanskelig for l\u00e6rene, men ogs\u00e5\u00a0for\u00a0elevene.\r\n\r\n<em>\u2014 Er de nyutdannede\u00a0masterl\u00e6rene\u00a0litt\u00a0kravstore?<\/em>\r\n\r\n\u2014 Nei, det er p\u00e5 ingen m\u00e5te v\u00e5r opplevelse. De nyutdannede\u00a0l\u00e6rerne\u00a0kommuniserer at de ser l\u00e6rermangelen og skolens behov, og de har et stort \u00f8nske og forst\u00e5else for skolens utfordringer. De sier de gjerne vil bidra p\u00e5 alle tenkelige m\u00e5ter, sier Jakhelln, men\u00a0legger\u00a0til:\r\n\r\n\u2014 Problemet er at den arbeidshverdagen som m\u00f8ter dem gj\u00f8r dem utrygge i jobben og de f\u00e5r d\u00e5rlig selvtillit, og for noen blir dette s\u00e5pass usikkert og t\u00f8ft at de ser seg om etter en annen type jobb. V\u00e5r vurdering er at det ikke beh\u00f8vd \u00e5 v\u00e6re s\u00e5nn, hvis skolens ledelse hadde v\u00e6rt mer og bedre innrettet\u00a0p\u00e5 \u00e5 ta vare p\u00e5 denne ressursen for skolen,\u00a0sier\u00a0Jakhelln.\r\n\r\n<strong>\u00abMasteren ga\u00a0meg\u00a0ryggrad\u00bb\r\n<\/strong>Jakhelln har p\u00e5 den andre siden ogs\u00e5 med seg godord til statsr\u00e5d Isaksen som har hatt ansvaret for at den fem\u00e5rige profesjonsutdanningen\u00a0med master for l\u00e6rere starter opp fra\u00a0h\u00f8sten\u00a0av.\r\n\r\n\u2014 For oss virker det som at de nyutdannede\u00a0l\u00e6rene som kommer med fem\u00e5rig masterbasert utdanning f\u00f8ler seg faglig trygge, og mer faglig tryggere enn tidligere, sier Jakhelln, og hun\u00a0legger\u00a0til:\r\n\r\n\u2014 De nyutdannede\u00a0sier at de\u00a0i mindre grad\u00a0trenger \u00e5 lese seg opp p\u00e5 fag i hverdagen, og at de dermed kan bruke mer tid p\u00e5 hvordan jobbe bedre didaktisk, klasseledelse, og har mer tid til m\u00f8tet med de\u00a0enkelte\u00a0elever.\r\n\r\nOg Jakhelln\u00a0forteller\u00a0videre:\r\n\r\nEn av respondenter sa det rett og slett slik \u00abMasteren ga meg ryggrad, og stolthet for\u00a0min\u00a0utdanning\u00bb.\r\n\r\nOg Jakhelln responderer slik\u00a0p\u00e5\u00a0dette:\r\n\r\n\u2014 Denne stoltheten fant jeg ikke samme grad f\u00f8r, tvert i mot, noen kunne synes det var litt vanskelig \u00e5 si at de\u00a0var\u00a0l\u00e6rere.\r\n\r\nIsaksen\u00a0og landets politiske ledelse h\u00f8ster alts\u00e5 ros for den profesjonaliseringen som har skjedd, men Jakhelln trekker fram til at dette m\u00e5 skje p\u00e5 alle plan, ogs\u00e5 inn i skoleledelsen og ogs\u00e5 hos\u00a0skoleeier,\u00a0kommunene.\r\n\r\n<strong>Har vedtatt nasjonale\u00a0rammer\r\n<\/strong>23. februar 2017 vedtok Stortinget\u00a0f\u00f8lgende:\r\n<blockquote>\u00abStortinget ber regjeringen i samarbeid med partene utforme nasjonale rammer for en veiledningsordning for nyutdannede l\u00e6rere som ivaretar at alle nytilsatte omfattes av ordningen, og som gir rom for lokal\u00a0tilpasning\u00bb.<\/blockquote>\r\nArbeiderpartiets Christian Tynning Bj\u00f8rn\u00f8 var veldig forn\u00f8yd med vedtaket og sa i f\u00f8lge\u00a0utdanningsnytt.no og\u00a0<span class=\"caps\">NTB<\/span>\u00a0at det\u00a0er alvorlig at en av tre nyutdannede l\u00e6rere slutter i skolen innen fem\u00a0\u00e5r.\r\n\r\n\u2014 Mange opplever et \u00abpraksissjokk\u00bb som de ikke f\u00e5r n\u00f8dvendig veiledning til \u00e5 h\u00e5ndtere. N\u00e5 m\u00e5 R\u00f8e Isaksen komme raskt i gang med oppf\u00f8lgingen og s\u00f8rge for at nye l\u00e6rere f\u00e5r den oppf\u00f8lgingen de trenger, sa\u00a0han.\r\n\r\nDet er Kunnskapsdepartementet, Utdanningsforbundet og kommuneorganisasjonen\u00a0<span class=\"caps\">KS<\/span>\u00a0som n\u00e5 seg imellom skal avklare hva veiledningen\u00a0skal best\u00e5 i og hvordan den skal\u00a0organiseres.\r\n\r\n\u2014 Det finnes mye god, lokal oppf\u00f8lging, men det er ogs\u00e5 kommuner som ikke har noe system for dette i det hele tatt. Vi \u00f8nsker \u00e5 ansvarliggj\u00f8re kommunene, sa\u00a0H\u00f8yres utdanningspolitiske talsmann Kent Gudmundsen til\u00a0<span class=\"caps\">NTB<\/span>\u00a0om vedtaket og ordningen da et var\u00a0vedtatt.\r\n\r\n<strong>Pedagogstudentene: \u2014 Helt\u00a0enig\r\n<\/strong>Silje Marie Bentzen er leder for Pedagogstudentene i\u00a0Utdanningsforbundet.\r\n\r\n\u2014 Vi er helt enig med troms\u00f8forskerne\u00a0i at veiledning og mentorordning ikke er nok.\u00a0Pedagogstudentene er sv\u00e6rt forn\u00f8yd med at det n\u00e5 skal utarbeides nasjonale rammer for veiledningsordning, men mener dette ikke fratar lederen et spesielt\u00a0ansvar for \u00e5 differensiere og tilrettelegge for de nyutdannede.Det m\u00e5 legges til rette\u00a0for de nyutdannede\u00a0p\u00e5 en langt bedre m\u00e5te enn det som ofte er tilfelle i dag, sier Bentzen til\u00a0Khrono.\r\n\r\nHun trekker fram at det b\u00f8r v\u00e6re en selvf\u00f8lge at det ikke er de nyutdannede\u00a0som f\u00e5r de mest utfordrende\u00a0klassene eller de mest sprikende fagkombinasjonene\u00a0og\u00a0undervisningplanene.\r\n\r\n\u2014 Slike situasjoner\u00a0kan v\u00e6re en stor\u00a0grunn til at de ferske l\u00e6rerne forlater skolen, og mer enn noen gang er det viktig at denne trenden blir\u00a0snudd, sier\u00a0hun.\r\n\r\n<strong>Spesielle utfordringer i\u00a0nord\r\n<\/strong>Hun trekker fram at skoleledelsen p\u00e5 en langt bedre m\u00e5te m\u00e5 legge forholdene til rette for de nyutdannede, at de f\u00e5r undervist i de fagene de har st\u00f8rst kompetanse i, og f\u00e5r anledning til vokse som\u00a0nyansatte.\r\n\r\n\u2014 Mentor og veiledning er viktig, men alle de ansatte i skolen, m\u00e5 bli flinkere til \u00e5 se den nyutdannede\u00a0l\u00e6reren som en ressurs, og ogs\u00e5 v\u00e6re \u00e5pne for den nye kompetansen disse kommer med fra dagens l\u00e6rerutdanning, sie\u00a0Bentzen.\r\n\r\nBentzen trekker fram at\u00a0situasjonen\u00a0nok er ekstra\u00a0vanskelig\u00a0i\u00a0nord,\r\n\r\n\u2014 Det holder ikke med ekstrastipend\u00a0som f\u00f8rst vil virke om fem \u00e5r, vi etterlyser flere\u00a0helhetlige\u00a0tiltak\u00a0som sikrer at de nyutdannede\u00a0og skolene f\u00e5r den hjelpen og de ressursene de trenger, sier Bentzen, og legger\u00a0til:\r\n\r\n\u2014 B\u00e5de regjeringen og\u00a0<span class=\"caps\">KS<\/span>\u00a0har et ansvar for \u00e5 f\u00f8lge opp at skolene f\u00e5r de ressursene de trenger, og\u00a0at skolene tilrettelegger for de nyutdannede\u00a0ogs\u00e5 ut over veiledningsordningen.\r\n\r\n<strong>Rektorutdanningen\r\n<\/strong>F\u00f8rsteamanuensis Jan Merok Paulsen jobber med rektorutdanningen ved H\u00f8gskolen i Oslo og Akershus\u00a0(HiOA).\r\n\r\nVi har tatt kontakt med Paulsen for \u00e5 h\u00f8re om han er enig med troms\u00f8forskerne at noe m\u00e5 gj\u00f8res ogs\u00e5 med rektorutdanningen for \u00e5 bedre forholdene for de ferske l\u00e6rerne som kommer ut\u00a0i\u00a0skolen.\r\n\r\nPaulsen understreker at dagens rektorer har et stort ansvar p\u00e5 sine skuldre, og der utfordringen som leder er \u00e5 utvikle skolen som et kollektivt l\u00e6rende\u00a0system, slik at nye l\u00e6reres behov for effektiv praksisl\u00e6ring p\u00e5 jobben blir\u00a0ivaretatt.\r\n\r\n\u2014 At det er t\u00f8ft for ferske l\u00e6rere \u00e5 komme ut i skolen er jo ikke en ny problemstilling, og det \u00e5 s\u00f8rge for at profesjonsfellesskapet blant de ansatte p\u00e5 en skole fungerer, deriblant at man har spesielt \u00f8ye p\u00e5 de nyansatte, er en viktig satsing i Rektorutdanningen ved HiOA allerede i dag,\u00a0sier\u00a0Paulsen.\r\n\r\nHan skj\u00f8nner at troms\u00f8forskerne er bekymret, men er opptatt av at det er mange som m\u00e5 spille p\u00e5 lag for \u00e5 bedre situasjonen for de nye\u00a0l\u00e6rerne.\r\n\r\n\u2014 Men det er for all del viktig at vi som utdanner dagens og morgendagens ledere i norsk skole har denne problemstillingen h\u00f8gt p\u00e5 agendaen, sier\u00a0Paulsen.\r\n\r\n<strong>\u2014 M\u00e5 t\u00f8rre \u00e5 flytte p\u00e5\u00a0folk<\/strong>\r\n\r\nDa vi traff Paulsen satt han og jobbet med et \u00abpaper\u00bb sammen\u00a0med f\u00f8rsteamanuensis\u00a0Brit\u00a0Bolken Ballangrud fra H\u00f8gskolen i S\u00f8r\u00f8st-Norge (<span class=\"caps\">HSN<\/span>) (bildet over). P\u00e5\u00a0<span class=\"caps\">HSN<\/span>\u00a0har de ikke rektorutdanning, men tilbud om skoleledelse som en\u00a0masterfordypning.\r\n\r\n\u2014 Jeg tror utfordringene i skole-Norge vil forsterke seg ettersom vi f\u00e5r flere og flere faglig sterke nye l\u00e6rere ut i skolen. Rektorene m\u00e5 t\u00f8rre n\u00e5r de ansetter nye l\u00e6rere \u00e5 se p\u00e5 egen fagsammensetning med nye \u00f8yne.\u00a0Kanskje m\u00e5 gamle klasseteam og faggrupper endres og noen med lang erfaring m\u00e5 f\u00e5 nye og endrede oppgaver. Slike prosesser kan v\u00e6re t\u00f8ffe, og krever mot, integritet og faglig styrke fra rektor, sier Ballangrud og legger\u00a0til:\r\n\r\n\u2014 Men bare slik sikrer vi at vi tar vare p\u00e5, b\u00e5de gammel, men ogs\u00e5 ny kompetanse i\u00a0skolen.","_et_gb_content_width":"","footnotes":""},"categories":[15,13],"tags":[19,20,21,18,22],"class_list":["post-751","post","type-post","status-publish","format-standard","has-post-thumbnail","hentry","category-masterutdanningen","category-pilot-i-nord","tag-5arig-laererutdanning","tag-pedagogstudentene","tag-pilot-i-nord","tag-proted","tag-uit"],"_links":{"self":[{"href":"https:\/\/result.uit.no\/proted\/wp-json\/wp\/v2\/posts\/751","targetHints":{"allow":["GET"]}}],"collection":[{"href":"https:\/\/result.uit.no\/proted\/wp-json\/wp\/v2\/posts"}],"about":[{"href":"https:\/\/result.uit.no\/proted\/wp-json\/wp\/v2\/types\/post"}],"author":[{"embeddable":true,"href":"https:\/\/result.uit.no\/proted\/wp-json\/wp\/v2\/users\/1078"}],"replies":[{"embeddable":true,"href":"https:\/\/result.uit.no\/proted\/wp-json\/wp\/v2\/comments?post=751"}],"version-history":[{"count":0,"href":"https:\/\/result.uit.no\/proted\/wp-json\/wp\/v2\/posts\/751\/revisions"}],"wp:featuredmedia":[{"embeddable":true,"href":"https:\/\/result.uit.no\/proted\/wp-json\/wp\/v2\/media\/759"}],"wp:attachment":[{"href":"https:\/\/result.uit.no\/proted\/wp-json\/wp\/v2\/media?parent=751"}],"wp:term":[{"taxonomy":"category","embeddable":true,"href":"https:\/\/result.uit.no\/proted\/wp-json\/wp\/v2\/categories?post=751"},{"taxonomy":"post_tag","embeddable":true,"href":"https:\/\/result.uit.no\/proted\/wp-json\/wp\/v2\/tags?post=751"}],"curies":[{"name":"wp","href":"https:\/\/api.w.org\/{rel}","templated":true}]}}