{"id":520,"date":"2016-05-30T14:41:36","date_gmt":"2016-05-30T13:41:36","guid":{"rendered":"https:\/\/result.uit.no\/proted\/?p=520"},"modified":"2017-10-23T15:15:46","modified_gmt":"2017-10-23T14:15:46","slug":"tromso-var-forst-na-skal-utdanningen-innfores-i-hele-landet","status":"publish","type":"post","link":"https:\/\/result.uit.no\/proted\/tromso-var-forst-na-skal-utdanningen-innfores-i-hele-landet\/","title":{"rendered":"Troms\u00f8 var f\u00f8rst &#8211; n\u00e5 skal utdanningen innf\u00f8res i hele landet"},"content":{"rendered":"<p>Masterutdanningen for l\u00e6rere startet opp i Troms\u00f8 for seks \u00e5r siden, og jobben som er gjort her baner vei for den enorme satsingen p\u00e5 l\u00e6rere som n\u00e5 trappes opp.<\/p>\n<p>\u2013 Det har v\u00e6rt veldig bra og spennende hver gang jeg har v\u00e6rt p\u00e5 masterkonferansen. Pilotprosjektet som startet ved UiT\u2013Norges arktiske universitet for seks \u00e5r siden leder opp mot det som skjer i 2017, n\u00e5r alle l\u00e6rerutdanninger blir masterutdanninger. Det blir en historisk satsing, sier Torbj\u00f8rn R\u00f8e Isaksen til iTroms\u00f8.<\/p>\n<p><strong>800 millioner<br \/>\n<\/strong>R\u00f8e Isaksen ansl\u00e5r at den tunge l\u00e6rersatsingen blir en dyr investering, men vel investerte penger.<\/p>\n<p>\u2013 Det koster vel en 600-800 millioner i \u00e5ret med det ekstra \u00e5ret alle l\u00e6rere n\u00e5 m\u00e5 ha. Men en masterutdanning er annerledes bygd opp og det lille forskningsprosjektet de gj\u00f8r mot slutten, gj\u00f8r at vi f\u00e5r l\u00e6rere som hele tiden reflekterer over l\u00e6ring og er bedre rustet til en lang karriere som l\u00e6rere, sier han.<\/p>\n<p><strong>Alle fikk jobb<br \/>\n<\/strong>Svaret om hvor god utdanningen er, mener R\u00f8e Isaksen man f\u00e5r i hvor ettertraktede masterl\u00e6rerne blir p\u00e5 jobbmarkedet.<\/p>\n<p>\u2013 Fra fjor\u00e5rets kull har alle blitt ansatt. Oslo var f\u00f8rst ute med \u00e5 hente v\u00e5re f\u00f8rste l\u00e6rere. Vi ser ogs\u00e5 at veldig mange her allerede har f\u00e5tt jobb og det er fortsatt stor l\u00e6rermangel, s\u00e5 v\u00e5re elever er sv\u00e6rt ettertraktede, sier Sonni Olsen, dekan ved UiT.<\/p>\n<p>Olsen og R\u00f8e Isaksen er klar p\u00e5 at det blir viktig \u00e5 jobbe tett inn mot kommunene der elevene kommer fra, for \u00e5 sikre gode l\u00e6rere til hjemkommunene i landsdelen.<\/p>\n<p>\u2013 Kommunene \u00f8nsker i hvert fall det, s\u00e5 vi \u00f8nsker \u00e5 oppmuntre til at de jobber med forskning som kan rettes mot kommunen de kommer fra, sier Olsen.<\/p>\n<div id=\"attachment_522\" style=\"width: 310px\" class=\"wp-caption alignright\"><img decoding=\"async\" aria-describedby=\"caption-attachment-522\" class=\"size-medium wp-image-522 lazyload\" data-src=\"https:\/\/result.uit.no\/proted\/wp-content\/uploads\/sites\/45\/2017\/10\/20160531-130826-0-300x200.jpg\" alt=\"\" width=\"300\" height=\"200\" data-srcset=\"https:\/\/result.uit.no\/proted\/wp-content\/uploads\/sites\/45\/2017\/10\/20160531-130826-0-300x200.jpg 300w, https:\/\/result.uit.no\/proted\/wp-content\/uploads\/sites\/45\/2017\/10\/20160531-130826-0.jpg 380w\" data-sizes=\"(max-width: 300px) 100vw, 300px\" src=\"data:image\/svg+xml;base64,PHN2ZyB3aWR0aD0iMSIgaGVpZ2h0PSIxIiB4bWxucz0iaHR0cDovL3d3dy53My5vcmcvMjAwMC9zdmciPjwvc3ZnPg==\" style=\"--smush-placeholder-width: 300px; --smush-placeholder-aspect-ratio: 300\/200;\" \/><p id=\"caption-attachment-522\" class=\"wp-caption-text\">Chris Andreas Andreassen er blant de ettertraktede masterstudentene som gikk rett inn i full jobb.<\/p><\/div>\n<p><strong>Rett i jobb<br \/>\n<\/strong>P\u00e5 masterkonferansen fikk R\u00f8e Isaksen sett masterstudentene Lise Hoven og Benedikte Antonsen presenterer sin master \u00abL\u00e6re \u00e5 l\u00e6re \u2013 vet vi hva det betyr?\u00bb. I tillegg presenterte Chris Andreas Andreassen sin forskning om hvordan han brukte case-basert undervisning i naturfag ved at elevene skulle v\u00e6re etterforskere som l\u00f8ste mysteriet \u00abRanet p\u00e5 Rema\u00bb.<\/p>\n<p>\u2013 Det var kjempeartig og veldig hyggelig at ministeren kom over \u00e5 s\u00e5 p\u00e5 v\u00e5re presentasjoner. Jeg var litt nerv\u00f8s f\u00f8r foredraget, men det gikk bra.<\/p>\n<p>Elevene h\u00f8stet mye skryt fra ministeren og Andreassen er blant elevene som allerede har f\u00e5tt jobb.<\/p>\n<p>\u2013 Jeg fikk en ren pedagogisk jobb ved Vitensenteret, der jeg skal jobbe med naturfag. Tilbudet fikk jeg allerede i mars og jeg begynner n\u00e5 i full jobb p\u00e5 onsdag, sier masterstudenten.<\/p>\n<p>&nbsp;<\/p>\n<p>Tekst og foto:\u00a0Tobias Stein Eilertsen. Opprinnelig publisert p\u00e5<a href=\"http:\/\/www.itromso.no\/nyheter\/2016\/05\/30\/Troms%C3%B8-var-f%C3%B8rst-n%C3%A5-skal-utdanningen-innf%C3%B8res-i-hele-landet-12810008.ece\"> itroms\u00f8.no<\/a> 30.05.2016<\/p>\n","protected":false},"excerpt":{"rendered":"<p>Fra 2017 blir alle l\u00e6rerutdanninger i landet p\u00e5 mastergradsniv\u00e5. Det kan man takke Troms\u00f8 for, mener kunnskapsminister Torbj\u00f8rn R\u00f8e Isaksen (H).<\/p>\n","protected":false},"author":1078,"featured_media":521,"comment_status":"open","ping_status":"closed","sticky":false,"template":"","format":"standard","meta":{"_et_pb_use_builder":"","_et_pb_old_content":"","_et_gb_content_width":"","footnotes":""},"categories":[14,15,13],"tags":[],"class_list":["post-520","post","type-post","status-publish","format-standard","has-post-thumbnail","hentry","category-masterkonferansen","category-masterutdanningen","category-pilot-i-nord"],"_links":{"self":[{"href":"https:\/\/result.uit.no\/proted\/wp-json\/wp\/v2\/posts\/520","targetHints":{"allow":["GET"]}}],"collection":[{"href":"https:\/\/result.uit.no\/proted\/wp-json\/wp\/v2\/posts"}],"about":[{"href":"https:\/\/result.uit.no\/proted\/wp-json\/wp\/v2\/types\/post"}],"author":[{"embeddable":true,"href":"https:\/\/result.uit.no\/proted\/wp-json\/wp\/v2\/users\/1078"}],"replies":[{"embeddable":true,"href":"https:\/\/result.uit.no\/proted\/wp-json\/wp\/v2\/comments?post=520"}],"version-history":[{"count":0,"href":"https:\/\/result.uit.no\/proted\/wp-json\/wp\/v2\/posts\/520\/revisions"}],"wp:featuredmedia":[{"embeddable":true,"href":"https:\/\/result.uit.no\/proted\/wp-json\/wp\/v2\/media\/521"}],"wp:attachment":[{"href":"https:\/\/result.uit.no\/proted\/wp-json\/wp\/v2\/media?parent=520"}],"wp:term":[{"taxonomy":"category","embeddable":true,"href":"https:\/\/result.uit.no\/proted\/wp-json\/wp\/v2\/categories?post=520"},{"taxonomy":"post_tag","embeddable":true,"href":"https:\/\/result.uit.no\/proted\/wp-json\/wp\/v2\/tags?post=520"}],"curies":[{"name":"wp","href":"https:\/\/api.w.org\/{rel}","templated":true}]}}