{"id":509,"date":"2016-05-30T14:27:44","date_gmt":"2016-05-30T13:27:44","guid":{"rendered":"https:\/\/result.uit.no\/proted\/?p=509"},"modified":"2017-10-23T14:40:08","modified_gmt":"2017-10-23T13:40:08","slug":"509","status":"publish","type":"post","link":"https:\/\/result.uit.no\/proted\/509\/","title":{"rendered":"Ministeren imponert over UiT-master"},"content":{"rendered":"<p>I \u00e5r som i fjor \u2013 kunnskapsminister Torbj\u00f8rn R\u00f8e Isaksen endte opp med \u00e5 diskutere forskningen til studentene som tar master i l\u00e6rerutdanning ved UiT.<\/p>\n<div id=\"attachment_510\" style=\"width: 310px\" class=\"wp-caption alignright\"><img decoding=\"async\" aria-describedby=\"caption-attachment-510\" class=\"size-medium wp-image-510 lazyload\" data-src=\"https:\/\/result.uit.no\/proted\/wp-content\/uploads\/sites\/45\/2017\/10\/TRIKAROLINEP13A7373-300x200.jpg\" alt=\"\" width=\"300\" height=\"200\" data-srcset=\"https:\/\/result.uit.no\/proted\/wp-content\/uploads\/sites\/45\/2017\/10\/TRIKAROLINEP13A7373-300x200.jpg 300w, https:\/\/result.uit.no\/proted\/wp-content\/uploads\/sites\/45\/2017\/10\/TRIKAROLINEP13A7373-768x512.jpg 768w, https:\/\/result.uit.no\/proted\/wp-content\/uploads\/sites\/45\/2017\/10\/TRIKAROLINEP13A7373.jpg 800w\" data-sizes=\"(max-width: 300px) 100vw, 300px\" src=\"data:image\/svg+xml;base64,PHN2ZyB3aWR0aD0iMSIgaGVpZ2h0PSIxIiB4bWxucz0iaHR0cDovL3d3dy53My5vcmcvMjAwMC9zdmciPjwvc3ZnPg==\" style=\"--smush-placeholder-width: 300px; --smush-placeholder-aspect-ratio: 300\/200;\" \/><p id=\"caption-attachment-510\" class=\"wp-caption-text\">I sin masteroppgave skriver Karoline Madsen om hvilke f\u00f8ringer l\u00e6replanen legger for l\u00e6rerens valg av undervisningsmetode. Hun var ikke enig med kunnskapsministeren i hans framstilling av dette<\/p><\/div>\n<p>\u2013 Jeg m\u00e5tte arrestere han litt p\u00e5 det han sa. Det stemmer ikke ut fra mine funn, sier Karoline Madsen, student p\u00e5 master i l\u00e6rerutdanning, trinn 1.-7.<\/p>\n<p>Kunnskapsministeren hadde akkurat svart p\u00e5 et sp\u00f8rsm\u00e5l fra salen og snakket om metodebruk i skolen; at dette var noe l\u00e6rerne styrte helt selv, og at verken l\u00e6replanen eller politikere la seg opp i det. Dermed snakket han om noe Karoline Madsen har forsket p\u00e5 og skrevet om i masteroppgave:\u00a0<i>\u201dHvilke krav og f\u00f8ringer til arbeidsmetode finnes i LK-06\u201d.\u00a0<\/i><\/p>\n<p>\u2013 Han sa at l\u00e6rerne har full metodefrihet, men i min masteroppgave ser jeg at det ikke er en fullstendig metodefrihet. Det ligger b\u00e5de krav og f\u00f8ringer i l\u00e6replanen. Men han har rett i at det er st\u00f8rre metodefrihet n\u00e5 enn tidligere, sier Madsen.<\/p>\n<p><strong>L\u00e6rerikt<br \/>\n<\/strong>Ministeren selv var sv\u00e6rt forn\u00f8yd med meningsbrytningene under konferansen.\u00a0<a href=\"https:\/\/uit.no\/nyheter\/artikkel?p_document_id=420741&amp;p_dim=88154\">I fjor endte han opp med \u00e5 diskutere l\u00e6rertetthet<\/a>, i \u00e5r ble det diskusjoner om sentrale begreper i skolen, om valg av undervisningsmetoder og om forskningsmetoder.<\/p>\n<div id=\"attachment_511\" style=\"width: 310px\" class=\"wp-caption alignright\"><img decoding=\"async\" aria-describedby=\"caption-attachment-511\" class=\"size-medium wp-image-511 lazyload\" data-src=\"https:\/\/result.uit.no\/proted\/wp-content\/uploads\/sites\/45\/2017\/10\/TRIP13A7314copy-300x181.jpg\" alt=\"\" width=\"300\" height=\"181\" data-srcset=\"https:\/\/result.uit.no\/proted\/wp-content\/uploads\/sites\/45\/2017\/10\/TRIP13A7314copy-300x181.jpg 300w, https:\/\/result.uit.no\/proted\/wp-content\/uploads\/sites\/45\/2017\/10\/TRIP13A7314copy-768x464.jpg 768w, https:\/\/result.uit.no\/proted\/wp-content\/uploads\/sites\/45\/2017\/10\/TRIP13A7314copy.jpg 800w\" data-sizes=\"(max-width: 300px) 100vw, 300px\" src=\"data:image\/svg+xml;base64,PHN2ZyB3aWR0aD0iMSIgaGVpZ2h0PSIxIiB4bWxucz0iaHR0cDovL3d3dy53My5vcmcvMjAwMC9zdmciPjwvc3ZnPg==\" style=\"--smush-placeholder-width: 300px; --smush-placeholder-aspect-ratio: 300\/181;\" \/><p id=\"caption-attachment-511\" class=\"wp-caption-text\">F\u00f8rst la de fram sine forskningsfunn til kunnskapsministeren, deretter diskuterte de innholdet med ham. F.v Chris Andreas Andreassen, Benedikte Antonsen, Lise Hoven og kunnskapsminister Torbj\u00f8rn R\u00f8e Isaksen.<\/p><\/div>\n<p>\u2013 Det er utrolig givende og veldig l\u00e6rerikt \u00e5 komme p\u00e5 Masterkonferansen og m\u00f8te studentene og f\u00e5 innblikk i forskningen de har jobbet med i sin l\u00e6rerutdanning. Den g\u00e5r rett inn i skolehverdagen og er viktig fordi den tar opp aktuelle problemstillinger i skolen, sier Torbj\u00f8rn R\u00f8e Isaksen.<\/p>\n<p><strong>UiT banet vei<br \/>\n<\/strong>Ministeren har f\u00e5tt med seg at studentene som tar en master i l\u00e6rerutdanning ved UiT Norges arktiske<\/p>\n<p>universitet er sv\u00e6rt ettertraktet i skolen og kan velge og vrake i jobber.\u00a0<a href=\"https:\/\/uit.no\/nyheter\/artikkel?p_document_id=465747&amp;p_dim=88147\">Han er ogs\u00e5 godt forn\u00f8yd med en \u00f8kning i s\u00f8kertallene til l\u00e6rerutdanningen ved UiT<\/a>. Fra neste \u00e5r skal alle l\u00e6rerutdanningene i Norge v\u00e6re p\u00e5 masterniv\u00e5, og den nye rammeplanen for masterutdanningen blir lagt fram senere denne uken.\u00a0<a href=\"http:\/\/www.itromso.no\/nyheter\/2016\/05\/30\/Troms%C3%B8-var-f%C3%B8rst-n%C3%A5-skal-utdanningen-innf%C3%B8res-i-hele-landet-12810008.ece\">I et intervju med iTroms\u00f8 etter dagens masterkonferanse, sier ministeren at det er UiT sin pilotutdanning som har banet vei for resten av landet n\u00e5r det n\u00e5 blir masterutdanning ved alle l\u00e6rerutdanningene.<\/a><\/p>\n<p><strong>Kan fortsette<br \/>\n<\/strong>\u2013 Den modellen UiT har valgt med en fem\u00e5rig integrert masterutdanning vil dere fortsatt kunne bruke, sier ministeren. I sitt innlegg p\u00e5 masterkonferansen<\/p>\n<div id=\"attachment_512\" style=\"width: 310px\" class=\"wp-caption alignright\"><img decoding=\"async\" aria-describedby=\"caption-attachment-512\" class=\"size-medium wp-image-512 lazyload\" data-src=\"https:\/\/result.uit.no\/proted\/wp-content\/uploads\/sites\/45\/2017\/10\/TRIP13A7295copy-300x171.jpg\" alt=\"\" width=\"300\" height=\"171\" data-srcset=\"https:\/\/result.uit.no\/proted\/wp-content\/uploads\/sites\/45\/2017\/10\/TRIP13A7295copy-300x171.jpg 300w, https:\/\/result.uit.no\/proted\/wp-content\/uploads\/sites\/45\/2017\/10\/TRIP13A7295copy-768x438.jpg 768w, https:\/\/result.uit.no\/proted\/wp-content\/uploads\/sites\/45\/2017\/10\/TRIP13A7295copy.jpg 800w\" data-sizes=\"(max-width: 300px) 100vw, 300px\" src=\"data:image\/svg+xml;base64,PHN2ZyB3aWR0aD0iMSIgaGVpZ2h0PSIxIiB4bWxucz0iaHR0cDovL3d3dy53My5vcmcvMjAwMC9zdmciPjwvc3ZnPg==\" style=\"--smush-placeholder-width: 300px; --smush-placeholder-aspect-ratio: 300\/171;\" \/><p id=\"caption-attachment-512\" class=\"wp-caption-text\">Chris Andreas Andreassen presenterte sin masteroppgave om hvordan valg av undervisningsmetode kan p\u00e5virke naturfagundervisningen.<\/p><\/div>\n<p>snakket han blant annet om at l\u00e6rerutdanningen er\u00a0annerledes enn en lektorutdanning og r\u00f8per at navnet p\u00e5 den nye masterutdanningen blir \u201dmaster i grunnskolel\u00e6rerutdanning\u201d trinn 1.-7. eller trinn 5.-10.<\/p>\n<p>&nbsp;<\/p>\n<p>Tekst og foto: Stig Br\u00f8ndbo. Opprinnelig publisert p\u00e5 <a href=\"https:\/\/uit.no\/nyheter\/artikkel?p_document_id=470469&amp;p_dim\">UiTs nettsider<\/a> 30.05.2016<\/p>\n","protected":false},"excerpt":{"rendered":"<p>I \u00e5r som i fjor \u2013 kunnskapsminister Torbj\u00f8rn R\u00f8e Isaksen endte opp med \u00e5 diskutere forskningen til studentene som tar master i l\u00e6rerutdanning ved UiT.   \u2013 Utrolig l\u00e6rerikt og givende, mener ministeren selv.<\/p>\n","protected":false},"author":1078,"featured_media":513,"comment_status":"open","ping_status":"closed","sticky":false,"template":"","format":"standard","meta":{"_et_pb_use_builder":"","_et_pb_old_content":"","_et_gb_content_width":"","footnotes":""},"categories":[14,15],"tags":[],"class_list":["post-509","post","type-post","status-publish","format-standard","has-post-thumbnail","hentry","category-masterkonferansen","category-masterutdanningen"],"_links":{"self":[{"href":"https:\/\/result.uit.no\/proted\/wp-json\/wp\/v2\/posts\/509","targetHints":{"allow":["GET"]}}],"collection":[{"href":"https:\/\/result.uit.no\/proted\/wp-json\/wp\/v2\/posts"}],"about":[{"href":"https:\/\/result.uit.no\/proted\/wp-json\/wp\/v2\/types\/post"}],"author":[{"embeddable":true,"href":"https:\/\/result.uit.no\/proted\/wp-json\/wp\/v2\/users\/1078"}],"replies":[{"embeddable":true,"href":"https:\/\/result.uit.no\/proted\/wp-json\/wp\/v2\/comments?post=509"}],"version-history":[{"count":0,"href":"https:\/\/result.uit.no\/proted\/wp-json\/wp\/v2\/posts\/509\/revisions"}],"wp:featuredmedia":[{"embeddable":true,"href":"https:\/\/result.uit.no\/proted\/wp-json\/wp\/v2\/media\/513"}],"wp:attachment":[{"href":"https:\/\/result.uit.no\/proted\/wp-json\/wp\/v2\/media?parent=509"}],"wp:term":[{"taxonomy":"category","embeddable":true,"href":"https:\/\/result.uit.no\/proted\/wp-json\/wp\/v2\/categories?post=509"},{"taxonomy":"post_tag","embeddable":true,"href":"https:\/\/result.uit.no\/proted\/wp-json\/wp\/v2\/tags?post=509"}],"curies":[{"name":"wp","href":"https:\/\/api.w.org\/{rel}","templated":true}]}}