{"id":423,"date":"2012-03-18T10:26:37","date_gmt":"2012-03-18T10:26:37","guid":{"rendered":"https:\/\/result.uit.no\/proted\/?p=423"},"modified":"2017-10-18T14:38:54","modified_gmt":"2017-10-18T13:38:54","slug":"forsking-i-universitetsskolane-gjev-tredobbel-utteljing","status":"publish","type":"post","link":"https:\/\/result.uit.no\/proted\/forsking-i-universitetsskolane-gjev-tredobbel-utteljing\/","title":{"rendered":"Forsking i universitetsskolane gjev tredobbel utteljing"},"content":{"rendered":"<p>Den nye satsinga p\u00e5 universitetsskolar ber allereie frukter &#8211; for forskaren, for studenten og for skulen. L\u00e6rarutdanninga i Troms\u00f8 har eit kvalitativt fortrinn. Det meiner professor Hilde Sollid, rektor Jill Solheim-Nilsen og l\u00e6rar Truls Nordby ved Gyllenborg skole og l\u00e6rarstudentane Iselin Antonsen, Vegard D\u00f8rum og Kirsti Wester Amundsen.<\/p>\n<p><strong>Forskar med utgangspunkt i Kunnskapsl\u00f8ftet<br \/>\n<\/strong>Hilde Sollid er professor i nordisk spr\u00e5k og oppteken av spr\u00e5kleg mangfald. Ho fann ut at universitetsskoleprosjektet passa midt i blinken for hennar forskingssp\u00f8rsm\u00e5l.<\/p>\n<p>&#8211; I Kunnskapsl\u00f8ftet er spr\u00e5kleg toleranse og mangfald framheva som viktige verdiar, og eg spurde meg sj\u00f8lv: Korleis gjer me det? Korleis formidlar me det, korleis forskar me p\u00e5 det i klasserommet?<\/p>\n<p>I samarbeid med l\u00e6rarutdanninga og universitetsskoleprosjektet har ho difor no over lengre tid f\u00f8lgd to femteklassar p\u00e5 Gyllenborg skole. Ikkje berre i norsktimane, men mest mogeleg i alle fag &#8211; og i utetida.<\/p>\n<p>&#8211; Eg er oppteken av den sosiale konteksten det spr\u00e5klege mangfaldet til elevane utspelar seg i, seier Sollid.<\/p>\n<p>&#8211; Kva for initiativ tar dei for \u00e5 n\u00e6rme seg spr\u00e5klege emne, korleis snakkar dei om spr\u00e5k? Korleis brukar dei den spr\u00e5klege kreativiteten og det spr\u00e5klege repertoaret sitt? Eg snakkar f\u00f8rst og fremst med elevane, men ogs\u00e5 om spr\u00e5k med dei, fortel ho.<\/p>\n<p><strong>Studentane er med &#8211; i forskinga og p\u00e5 skolen<br \/>\n<\/strong>Heile tanken bak universitetsskoleprosjektet er at trekanten forskar-skole-student skal arbeide saman. Difor tar Sollid studentane med til skolen.<\/p>\n<p>&#8211; Det f\u00f8rste me gjorde var \u00e5 ha\u00a0ordin\u00e6r undervsning for studentane der &#8211; saman med l\u00e6rarane p\u00e5 Gyllenborg. Det var ein spenannde seanse, seier Sollid.<\/p>\n<p>&#8211; Og veldig matnyttig for oss. Det blir mykje teori i klasserommet, men timen p\u00e5 Gyllenborg,\u00a0der l\u00e6rarane ogs\u00e5 vart med i samtalen,\u00a0sette for min del i gang nye\u00a0refleksjonar rundt dei omgrepa me brukar, seier\u00a0andre\u00e5rsstudenten Vegard D\u00f8rum.<\/p>\n<p>Og studentane blir involverte ogs\u00e5 p\u00e5 andre m\u00e5tar. Sollid planlegg saman med studentane intervju av elevane &#8211; som eit\u00a0mini-forskingsprosjekt &#8211; og ved \u00e5 vera til stades i klasseroma og med elevane p\u00e5 Gyllenborg fangar dei opp tema og problemstillingar som studentane i neste omgang kan skrive bachelor- og masteroppg\u00e5ver om.<\/p>\n<p>&#8211; Det er absoluttt b\u00e5de spennande og relevant for oss, seier f\u00f8rste\u00e5rsstudent Iselin Antonsen.<\/p>\n<p>Sollid understrekar ogs\u00e5 korleis det overordna\u00a0temaet\u00a0&#8211; spr\u00e5kleg mangfald &#8211; er direkte relevant for l\u00e6rarstudentane.<\/p>\n<p>&#8211; Dialektkunnskap, tilh\u00f8vet mellom nynorsk og bokm\u00e5l, tilh\u00f8vet til framandspr\u00e5k og engelsk i norsk\u00a0&#8211; alle desse sentrale emna i norskfaget handlar ogs\u00e5 om spr\u00e5kleg mangfald, seier Sollid.<\/p>\n<p><strong>Spr\u00e5kleg mangfald p\u00e5 Gyllenborg<\/strong><br \/>\nI samarbeid med universitetsskoleprosjektet valde Sollid Gyllenborg skole mellom anna av di fleire elevar der har framandspr\u00e5kleg bakgrunn.<\/p>\n<p>&#8211; Men f\u00f8rst var eg redd ho kom til \u00e5 bli skuffa &#8211; at det var for lite spr\u00e5kleg mangfald her, seier l\u00e6rar Truls Nordby.<\/p>\n<p>&#8211; Men Sollid har utvida oppfatninga v\u00e5r\u00a0av det, og f\u00e5tt oss til \u00e5 tenkje p\u00e5 korleis bruk av spr\u00e5k har med grunnleggjande ferdigheiter \u00e5 gjera. Til d\u00f8mes er me no meir opptekne av den munnlege bruken av spr\u00e5ket, og korleis me kan bli meir presise i tilbakemeldingane v\u00e5re, seier Nordby.<\/p>\n<p>Noko f\u00f8rste\u00e5rsstudent Kirsti Wester Amundsen er samd i.<\/p>\n<p>&#8211; Det blir s\u00e5 lett fokus p\u00e5 det skriftlege og lett \u00e5 gl\u00f8yme kor viktig det munnlege spr\u00e5ket og spr\u00e5kbruken er for identitetsforst\u00e5ing, seier ho.<\/p>\n<p>&#8211; Og me gl\u00f8ymer av og til kva for ressurs dei fleirsp\u00e5klege elevane\u00a0er, og at den kan brukast i undervisninga, seier Nordby<\/p>\n<p><strong>&#8211; Flott at nokon vil forske i barneksolen<br \/>\n<\/strong>Ogs\u00e5 rektor er sv\u00e6rt forn\u00f8gd med universitetsskolesatsinga.<\/p>\n<p>&#8211; Dette er ein unik sjanse for oss til \u00e5 f\u00e5 fagfolk direkte inn, og l\u00e6rarane f\u00e5r noko att for det.\u00a0Me har tidlegare f\u00f8lt at l\u00e6rarutdanninga har vore litt fjernt fr\u00e5 oss, men no arbeider me saman. Berre det at nokon vil forske p\u00e5 tema i barneskolen er flott,\u00a0seier rektor Jill Solheim-Nilsen p\u00e5 Gyllenborg.<\/p>\n<p>&#8211; Og for meg som l\u00e6rarutdannar er dette viktig &#8211; at l\u00e6rarar og studentar m\u00f8test og utveklsar erfaringar. Og h\u00e5pet er at studentane tar erfaringane og den forskande tiln\u00e6rminga med seg\u00a0inn i l\u00e6rararbeidet, seier Sollid.<\/p>\n<p><strong>Tekst og foto: Sigrun H\u00f8getveit Berg. Opprinnelig publisert p\u00e5 <a href=\"https:\/\/uit.no\/nyheter\/artikkel?p_document_id=296949&amp;p_dim=88147\">UiTs nettsider<\/a> 20.03.2012<br \/>\nBildet \u00f8verst i saken viser\u00a0<em>F.v. studentane Iselin Antonsen og Kirsti Wester Amundsen\u00a0(1. \u00e5r), l\u00e6rar Truls Nordby, professor Hilde Sollid, rektor\u00a0Jill Solheim-Nilsen og student Vegard D\u00f8rum (2. \u00e5r).<\/em><\/strong><\/p>\n","protected":false},"excerpt":{"rendered":"<p>Den nye satsinga p\u00e5 universitetsskolar ber allereie frukter &#8211; for forskaren, for studenten og for skulen. L\u00e6rarutdanninga i Troms\u00f8 har eit kvalitativt fortrinn.<\/p>\n","protected":false},"author":1078,"featured_media":425,"comment_status":"open","ping_status":"closed","sticky":false,"template":"","format":"standard","meta":{"_et_pb_use_builder":"","_et_pb_old_content":"","_et_gb_content_width":"","footnotes":""},"categories":[12],"tags":[],"class_list":["post-423","post","type-post","status-publish","format-standard","has-post-thumbnail","hentry","category-universitetsskoleprosjektet"],"_links":{"self":[{"href":"https:\/\/result.uit.no\/proted\/wp-json\/wp\/v2\/posts\/423","targetHints":{"allow":["GET"]}}],"collection":[{"href":"https:\/\/result.uit.no\/proted\/wp-json\/wp\/v2\/posts"}],"about":[{"href":"https:\/\/result.uit.no\/proted\/wp-json\/wp\/v2\/types\/post"}],"author":[{"embeddable":true,"href":"https:\/\/result.uit.no\/proted\/wp-json\/wp\/v2\/users\/1078"}],"replies":[{"embeddable":true,"href":"https:\/\/result.uit.no\/proted\/wp-json\/wp\/v2\/comments?post=423"}],"version-history":[{"count":0,"href":"https:\/\/result.uit.no\/proted\/wp-json\/wp\/v2\/posts\/423\/revisions"}],"wp:featuredmedia":[{"embeddable":true,"href":"https:\/\/result.uit.no\/proted\/wp-json\/wp\/v2\/media\/425"}],"wp:attachment":[{"href":"https:\/\/result.uit.no\/proted\/wp-json\/wp\/v2\/media?parent=423"}],"wp:term":[{"taxonomy":"category","embeddable":true,"href":"https:\/\/result.uit.no\/proted\/wp-json\/wp\/v2\/categories?post=423"},{"taxonomy":"post_tag","embeddable":true,"href":"https:\/\/result.uit.no\/proted\/wp-json\/wp\/v2\/tags?post=423"}],"curies":[{"name":"wp","href":"https:\/\/api.w.org\/{rel}","templated":true}]}}