{"id":398,"date":"2015-08-28T13:57:37","date_gmt":"2015-08-28T12:57:37","guid":{"rendered":"https:\/\/result.uit.no\/proted\/?p=398"},"modified":"2017-10-20T09:38:32","modified_gmt":"2017-10-20T08:38:32","slug":"uit-har-satt-standarden-for-laererutdanningen","status":"publish","type":"post","link":"https:\/\/result.uit.no\/proted\/uit-har-satt-standarden-for-laererutdanningen\/","title":{"rendered":"\u2013 UiT har satt standarden for l\u00e6rerutdanningen"},"content":{"rendered":"<p>Da venstrelederen tok turen til Troms\u00f8 i forbindelse med \u00e5rets kommunevalgkamp, ba hun om \u00e5 f\u00e5 satt av tid til noe helt annet enn valgkamp: Hun ville gjerne m\u00f8te lektorer fra tidenes f\u00f8rste kull med masterl\u00e6rere i Norge, uteksaminert ved UiT Norges arktiske universitet n\u00e5 i v\u00e5r.<\/p>\n<p>\u2013 UiT har g\u00e5tt opp sporet og satt standarden for l\u00e6rerutdanningene i Norge, og jeg \u00f8nsker \u00e5 snakke med noen av de nyutdannede lektorene for \u00e5 f\u00e5 f\u00f8rsteh\u00e5nds kunnskap til hva de tenker har v\u00e6rt bra med masterutdanningen, n\u00e5 som de har begynt i jobb, sier Skei Grande.<\/p>\n<p><strong>Fokus p\u00e5 forskning<br \/>\n<\/strong>Venstrelederen har f\u00e5tt med seg at samtlige av de nyutdannede lektorene har v\u00e6rt sv\u00e6rt attraktive i arbeidsmarkedet og at\u00a0<a href=\"http:\/\/www.vg.no\/nyheter\/innenriks\/skolestart\/alle-de-70-nye-master-laererne-i-jobb\/a\/23506541\/\">alle 70 som ble ferdige med sin integrerte l\u00e6rermaster n\u00e5 i v\u00e5r har f\u00e5tt seg jobb.<\/a>\u00a0Ved Storelva skole i Troms\u00f8 m\u00f8tte hun tre av de ferske lektorene; Ingvill Jensaas Petersen, Thomas F. Eidissen og Knut Vidar Hansen, samt rektor Grethe Ollila,\u00a0<a href=\"https:\/\/uit.no\/nyheter\/artikkel?p_document_id=422903&amp;p_dim=88147\">som gjerne skulle ha ansatt flere l\u00e6rermastere.<\/a>\u00a0Alle fire var opptatt av forskningen som en del av utdanningen og av samarbeidet mellom l\u00e6rerutdanningen og praksisfeltet.<\/p>\n<p><strong>Utviklende<br \/>\n<\/strong>\u2013 For oss har det v\u00e6rt veldig utviklende \u00e5 v\u00e6re universitetsskole, sier rektor Ollila. Hun \u00f8nsker at de 450 elevene ved skolen skal f\u00e5 undervisning basert p\u00e5 forskning i stedet for tradisjon og l\u00e6reboken, og sier at det \u00e5 v\u00e6re universitetsskole har f\u00f8rt til at de har endret b\u00e5de organisering og praksis ved skolen.<\/p>\n<p>\u2013 At studenter forsker p\u00e5 v\u00e5r hverdag i v\u00e5r skole gj\u00f8r at vi f\u00e5r en helt annen n\u00e6rhet og kjennskap til resultatene, sier rektoren.<\/p>\n<p><strong>Faglig trygg<br \/>\n<\/strong>Og nettopp egen forskning var ogs\u00e5 de tre nyansatte lektorene opptatt av.<\/p>\n<p>\u2013 Sammen med den faglige fordypningen har forskningsfokuset og arbeidet med egen forskning gjort meg faglig veldig trygg, sier Ingvill Jensaas Petersen.<\/p>\n<p>\u2013 Egen forskning har gitt meg st\u00f8rre forst\u00e5else og mange ideer til hvordan jeg skal jobbe med egen undervisning. Og metodene vi har l\u00e6rt gj\u00f8r at vi kan legge til rette ogs\u00e5 for eleven som forsker. Det gj\u00f8r undervisningen enda mer spennende, elevene l\u00e6rer hvordan de selv l\u00e6rer best og vi kan tenne noen forskerspirer i elevmassen, sier Knut Vidar Hansen.<\/p>\n<p>\u2013 Forskningen og arbeidet med selve masteroppgaven var det artigste jeg gjorde i l\u00e6rerutdanningen. Jo mer jeg leste meg opp p\u00e5 fag og forskning, jo oftere tenkte jeg at dette vil jeg pr\u00f8ve i klasserommet, sier Thomas F. Eidissen.<\/p>\n<div id=\"attachment_399\" style=\"width: 310px\" class=\"wp-caption alignright\"><img decoding=\"async\" aria-describedby=\"caption-attachment-399\" class=\"size-medium wp-image-399 lazyload\" data-src=\"https:\/\/result.uit.no\/proted\/wp-content\/uploads\/sites\/45\/2017\/10\/KnutP13A9011copy-300x284.jpg\" alt=\"\" width=\"300\" height=\"284\" data-srcset=\"https:\/\/result.uit.no\/proted\/wp-content\/uploads\/sites\/45\/2017\/10\/KnutP13A9011copy-300x284.jpg 300w, https:\/\/result.uit.no\/proted\/wp-content\/uploads\/sites\/45\/2017\/10\/KnutP13A9011copy.jpg 400w\" data-sizes=\"(max-width: 300px) 100vw, 300px\" src=\"data:image\/svg+xml;base64,PHN2ZyB3aWR0aD0iMSIgaGVpZ2h0PSIxIiB4bWxucz0iaHR0cDovL3d3dy53My5vcmcvMjAwMC9zdmciPjwvc3ZnPg==\" style=\"--smush-placeholder-width: 300px; --smush-placeholder-aspect-ratio: 300\/284;\" \/><p id=\"caption-attachment-399\" class=\"wp-caption-text\">Trine Skei Grande er ekstra forn\u00f8yd med at Knut Vidar Hansen har valgt \u00e5 jobbe p\u00e5 sm\u00e5skoletrinnet. Selv mener han at det er her de mest spennende faglige utfordringene ligger.<\/p><\/div>\n<p><strong>Praksis<br \/>\n<\/strong>De tre lektorene fortalte ogs\u00e5 om en studiehverdag hvor de hele tiden ble faglig utfordret \u2013 og hvor de utfordret fagl\u00e6rerne sine. De ber\u00f8mmet ogs\u00e5 praksisperiodene ved universitetsskolene. Et sentralt punkt i den nye l\u00e6rermasteren, er at det tette samarbeidet med universitetsskolene gj\u00f8r at studentene f\u00e5r en faglig progresjon ogs\u00e5 i selve praksisen.<\/p>\n<p>&#8211; Praksisen var utrolig l\u00e6rerik, og det var kanskje her jeg l\u00e6rt aller mest, sier Ingvill Jensaas Petersen.<\/p>\n<p><strong>Nasjonal strategi<br \/>\n<\/strong><a href=\"https:\/\/uit.no\/nyheter\/artikkel?p_document_id=429475&amp;p_dim=\">Tidligere denne uken utvidet UiT samarbeidet om universitetsskoler ogs\u00e5 med Alta kommune.<\/a><\/p>\n<p>\u2013 Universitetsskolene vil v\u00e6re veldig viktig i arbeidet med \u00e5 utvikle b\u00e5de skolene og l\u00e6rerutdanningene. Derfor \u00f8nsker vi en nasjonal strategi for \u00e5 f\u00e5 flere universitetsskoler, sier Trine Skei Grande. Hun \u00f8nsker ogs\u00e5 mer forskning i skolen og tettere b\u00e5nd mellom skolene og l\u00e6rerutdanningene, og satte stor pris p\u00e5 \u00e5 f\u00e5 med seg masteroppgavene til lektorene, slik utdanningsminister Torbj\u00f8rn R\u00f8e Isachsen\u00a0<a href=\"https:\/\/uit.no\/nyheter\/artikkel?p_document_id=420741&amp;p_dim=88154\">gjorde da han bes\u00f8kte masterkonferansen ved UiT i juni.<\/a><\/p>\n<p><strong>Mest spennende<br \/>\n<\/strong>Alle de tre nyutdannede lektorene skrev praksisn\u00e6re masteroppgaver om matematikk, og Skei Grande var spesielt forn\u00f8yd med \u00e5 se at Knut Vidar Hansen har valgt \u00e5 utdanne seg til jobb p\u00e5 sm\u00e5trinnet.<\/p>\n<p>\u2013 Vi trenger flere som deg, mannlige l\u00e6rere i sm\u00e5skolen, sier Skei Grande.<\/p>\n<p>\u2013\u00a0For meg er det her de mest spennende faglige utfordringene ligger, sier Hansen og begrunner det med at begynneroppl\u00e6ringen legger grunnlaget for all videre utdanning, helt inn i voksenlivet.\u00a0<a href=\"https:\/\/uit.no\/nyheter\/artikkel?p_document_id=413634\">Oppgaven han skrev dreier seg om hvordan barn endrer m\u00e5ten \u00e5 snakke om matematikk ettersom hvilken undervisningsmetode l\u00e6reren velger<\/a>.<\/p>\n<p>\u2013 Oppgavene til de tre lektorene ved Storelva universitetsskole er veldig representative for masteroppgavene studentene v\u00e5re jobber med. De er praksisn\u00e6re og viser at den integrerte 5-\u00e5rige masterutdanningen ikke er teoritung og fjern fra skolehverdagen. De g\u00e5r rett inn i det daglige arbeidet ved skolene, sier prorektor Wenche Jakobsen ved UiT.<\/p>\n<p>&nbsp;<\/p>\n<p>Tekst og foto: Stig Br\u00f8ndb\u00f8. Opprinnelig publisert p\u00e5 <a href=\"https:\/\/uit.no\/nyheter\/artikkel?p_document_id=429873&amp;p_dim=88147\">UiTs nettsider <\/a>28.08.2015<\/p>\n","protected":false},"excerpt":{"rendered":"<p>Hun har fulgt arbeidet med den integrerte l\u00e6rermasteren ved UiT helt siden den var p\u00e5 skissebordet. N\u00e5 konkluderer Venstres Trine Skei Grande med at troms\u00f8modellen har satt standarden for l\u00e6rerutdanningen i Norge \u2013 og hun vil ha universitetsskoler i hele landet.<\/p>\n","protected":false},"author":1078,"featured_media":400,"comment_status":"open","ping_status":"closed","sticky":false,"template":"","format":"standard","meta":{"_et_pb_use_builder":"","_et_pb_old_content":"","_et_gb_content_width":"","footnotes":""},"categories":[15,12],"tags":[],"class_list":["post-398","post","type-post","status-publish","format-standard","has-post-thumbnail","hentry","category-masterutdanningen","category-universitetsskoleprosjektet"],"_links":{"self":[{"href":"https:\/\/result.uit.no\/proted\/wp-json\/wp\/v2\/posts\/398","targetHints":{"allow":["GET"]}}],"collection":[{"href":"https:\/\/result.uit.no\/proted\/wp-json\/wp\/v2\/posts"}],"about":[{"href":"https:\/\/result.uit.no\/proted\/wp-json\/wp\/v2\/types\/post"}],"author":[{"embeddable":true,"href":"https:\/\/result.uit.no\/proted\/wp-json\/wp\/v2\/users\/1078"}],"replies":[{"embeddable":true,"href":"https:\/\/result.uit.no\/proted\/wp-json\/wp\/v2\/comments?post=398"}],"version-history":[{"count":0,"href":"https:\/\/result.uit.no\/proted\/wp-json\/wp\/v2\/posts\/398\/revisions"}],"wp:featuredmedia":[{"embeddable":true,"href":"https:\/\/result.uit.no\/proted\/wp-json\/wp\/v2\/media\/400"}],"wp:attachment":[{"href":"https:\/\/result.uit.no\/proted\/wp-json\/wp\/v2\/media?parent=398"}],"wp:term":[{"taxonomy":"category","embeddable":true,"href":"https:\/\/result.uit.no\/proted\/wp-json\/wp\/v2\/categories?post=398"},{"taxonomy":"post_tag","embeddable":true,"href":"https:\/\/result.uit.no\/proted\/wp-json\/wp\/v2\/tags?post=398"}],"curies":[{"name":"wp","href":"https:\/\/api.w.org\/{rel}","templated":true}]}}