{"id":373,"date":"2015-06-01T10:32:27","date_gmt":"2015-06-01T09:32:27","guid":{"rendered":"https:\/\/result.uit.no\/proted\/?p=373"},"modified":"2017-10-18T14:38:54","modified_gmt":"2017-10-18T13:38:54","slug":"ministeren-ville-diskutere-masteroppgave","status":"publish","type":"post","link":"https:\/\/result.uit.no\/proted\/ministeren-ville-diskutere-masteroppgave\/","title":{"rendered":"Ministeren ville diskutere masteroppgave"},"content":{"rendered":"<p>\u2013\u00a0Hvordan p\u00e5virkes matematikkundervisningen av antall elever i klassen? var forskningssp\u00f8rsm\u00e5let Kristine Bjerkmo stilte seg da hun satte i gang forskningsprosjektet sitt.<\/p>\n<div id=\"attachment_385\" style=\"width: 310px\" class=\"wp-caption alignright\"><img decoding=\"async\" aria-describedby=\"caption-attachment-385\" class=\"size-medium wp-image-385 lazyload\" data-src=\"https:\/\/result.uit.no\/proted\/wp-content\/uploads\/sites\/45\/2015\/06\/STUDENTERNRKP13A6503copy-300x187.jpg\" alt=\"\" width=\"300\" height=\"187\" data-srcset=\"https:\/\/result.uit.no\/proted\/wp-content\/uploads\/sites\/45\/2015\/06\/STUDENTERNRKP13A6503copy-300x187.jpg 300w, https:\/\/result.uit.no\/proted\/wp-content\/uploads\/sites\/45\/2015\/06\/STUDENTERNRKP13A6503copy.jpg 400w\" data-sizes=\"(max-width: 300px) 100vw, 300px\" src=\"data:image\/svg+xml;base64,PHN2ZyB3aWR0aD0iMSIgaGVpZ2h0PSIxIiB4bWxucz0iaHR0cDovL3d3dy53My5vcmcvMjAwMC9zdmciPjwvc3ZnPg==\" style=\"--smush-placeholder-width: 300px; --smush-placeholder-aspect-ratio: 300\/187;\" \/><p id=\"caption-attachment-385\" class=\"wp-caption-text\">Samtlige studenter i det f\u00f8rste kullet med en 5-\u00e5rig integrert l\u00e6rermaster presenterer sine oppgaver under Masterkonferansen. Silje Elisabeth Bj\u00f8rklund Isaksen (t.v) og Kristine Bjerkmo sine presentasjoner til kunnskapsministen ga dem ekstra fokus \u2013 ogs\u00e5 fra media.<\/p><\/div>\n<p>Som en av to studenter fra Norges f\u00f8rste studentkull med 5-\u00e5rig integrert l\u00e6rermaster, fikk 24-\u00e5ringen fra Lavangen presentere forskningsfunnene sine for dr\u00f8yt 200 deltakere p\u00e5 Masterkonferansen ved UiT Norges arktiske universitet. I salen satt blant andre kunnskapsminister Torbj\u00f8rn R\u00f8e Isaksen. Og straks Bjerkmo gikk av talerstolen, gikk ministeren bort til henne for \u00e5 h\u00f8re mer om funnene.<\/p>\n<p><strong>Sv\u00e6rt forn\u00f8yd\u00a0<\/strong><strong><br \/>\n<\/strong>\u2013\u00a0Vi snakket om mine forskningsfunn, at de viser en stor forskjell p\u00e5 undervisningen i sm\u00e5 og store klasser, at det i sm\u00e5 klasser er st\u00f8rre rom for alternativ undervisning og \u00f8kt fokus p\u00e5 matematisk forst\u00e5else, mens det i st\u00f8rre klasser er mindre rom for \u00e5 jobbe med forst\u00e5else og mer fokus p\u00e5 \u00e5 l\u00e6re bort metoder for \u00e5 kunne l\u00f8se oppgaver, sier Bjerkmo. Hun syntes det var artig at ministeren kom rett bort til henne straks hun gikk av talerstolen etter sin masterpresentasjon.<\/p>\n<p>\u2013\u00a0Jeg synes det er veldig bra at han er interessert i hva vi gj\u00f8r, sier UiT-studenten. Hun er sv\u00e6rt forn\u00f8yd med sine fem \u00e5r p\u00e5 Institutt for l\u00e6rerutdanning og pedagogikk.<\/p>\n<p>\u2013\u00a0Jeg er sv\u00e6rt forn\u00f8yd med at vi har hatt s\u00e5 mye praksis og at vi har f\u00e5tt g\u00e5 ut i skolen og forske p\u00e5 noe selv i stedet for bare \u00e5 lese teori, sier Bjerkmo.<\/p>\n<p><strong>Viktig dag<br \/>\n<\/strong>Og det er nettopp kombinasjonen praksis, fag og forskning som kunnskapsministeren trakk fram da han roste pilotprosjektet med l\u00e6rermasteren ved UiT.<\/p>\n<div id=\"attachment_384\" style=\"width: 195px\" class=\"wp-caption alignright\"><img decoding=\"async\" aria-describedby=\"caption-attachment-384\" class=\"size-medium wp-image-384 lazyload\" data-src=\"https:\/\/result.uit.no\/proted\/wp-content\/uploads\/sites\/45\/2015\/06\/WENCHEP13A6646copy-185x300.jpg\" alt=\"\" width=\"185\" height=\"300\" data-srcset=\"https:\/\/result.uit.no\/proted\/wp-content\/uploads\/sites\/45\/2015\/06\/WENCHEP13A6646copy-185x300.jpg 185w, https:\/\/result.uit.no\/proted\/wp-content\/uploads\/sites\/45\/2015\/06\/WENCHEP13A6646copy-768x1247.jpg 768w, https:\/\/result.uit.no\/proted\/wp-content\/uploads\/sites\/45\/2015\/06\/WENCHEP13A6646copy-631x1024.jpg 631w, https:\/\/result.uit.no\/proted\/wp-content\/uploads\/sites\/45\/2015\/06\/WENCHEP13A6646copy.jpg 786w\" data-sizes=\"(max-width: 185px) 100vw, 185px\" src=\"data:image\/svg+xml;base64,PHN2ZyB3aWR0aD0iMSIgaGVpZ2h0PSIxIiB4bWxucz0iaHR0cDovL3d3dy53My5vcmcvMjAwMC9zdmciPjwvc3ZnPg==\" style=\"--smush-placeholder-width: 185px; --smush-placeholder-aspect-ratio: 185\/300;\" \/><p id=\"caption-attachment-384\" class=\"wp-caption-text\">Prorektor Wenche Jakobsen ved UiT mener at l\u00e6rermasteren ved UiT utdanner l\u00e6rere som kommer til \u00e5 endre norsk skole gjennom fokus p\u00e5 fag og forskning.<\/p><\/div>\n<p>\u2013\u00a0Dette er en viktig skolepolitisk dag, og erfaringene fra masteren i Troms\u00f8 vil v\u00e6re et stort bidrag til det som skal prege skolen i mange ti\u00e5r framover, sa Torbj\u00f8rn R\u00f8e Isaksen. F\u00f8r han kom til Masterkonferansen ved UiT mandag, hadde han lest sammendraget til mange av \u00e5rets masteroppgaver.<\/p>\n<p>\u2013\u00a0Dette er oppgaver som g\u00e5r rett inn i hva som skjer i klasserommet, rett inn i helt reelle problemer i skolehverdagen. De g\u00e5r ogs\u00e5 rett inn i den skolepolitiske debatten og kommer b\u00e5de skolen og elevene til gode, sa R\u00f8e Isaksen.<\/p>\n<p><strong>Ville ha alle oppgavene<br \/>\n<\/strong>Fra 2017 skal alle l\u00e6rerutdanninger i Norge bli masterutdanninger, og kunnskapsministeren sier at han \u00f8nsker at UiT-modellen skal danne grunnlaget for hvordan morgendagens l\u00e6rerutdanning blir formet.<\/p>\n<p>\u2013 \u00a0Den praksisn\u00e6re utdanningen med forskningsfokus gir oss faglig sterke l\u00e6rere som reflekterer over egen praksis og som blir gode lagspillere, sa Torbj\u00f8rn R\u00f8e Isaksen. Han syntes titlene p\u00e5 masteroppgavene var s\u00e5 spennende, at han ba UiT om \u00e5 gj\u00f8re dem tilgjengelig for ham, slik at han l\u00e6re mer om de praksisn\u00e6re forskningsprosjektene masterstudentene har gjennomf\u00f8rt.<\/p>\n<p>Masterkonferansen fortsetter tirsdag med foredrag av\u00a0<a href=\"https:\/\/uit.no\/nyheter\/artikkel?p_document_id=419931&amp;p_dim=\">B\u00f6rje Ehrstrand, l\u00e6reren som ble rektor ved en av Stockholms verste forstadsskoler og som startet en\u00a0forvandling som i dag omtales som \u00abMirakelet i Rinkeby\u00bb.\u00a0<\/a><strong>Studentene fortsetter med sine presentasjoner av sine masteroppgaver.\u00a0<a href=\"https:\/\/uit.no\/tavla\/artikkel\/410098\/integrert_master_i_laererutdanning_1_-7_og_5_-10\">Se program her.<\/a><\/strong><\/p>\n<p>&nbsp;<\/p>\n<p>Tekst og foto: Stig Br\u00f8ndb\u00f8. Opprinngelig publisert p\u00e5 <a href=\"https:\/\/uit.no\/nyheter\/artikkel?p_document_id=420741&amp;p_dim=88154\">UiTs nettsider<\/a> 01.06.2015<\/p>\n","protected":false},"excerpt":{"rendered":"<p>Rett etter at l\u00e6rerstudent Kristine Bjerkmo hadde presentert sin masteroppgave ville kunnskapsminister Torbj\u00f8rn R\u00f8e Isaksen diskutere forskningsfunnene med henne. <\/p>\n","protected":false},"author":1078,"featured_media":386,"comment_status":"open","ping_status":"closed","sticky":false,"template":"","format":"standard","meta":{"_et_pb_use_builder":"","_et_pb_old_content":"","_et_gb_content_width":"","footnotes":""},"categories":[14],"tags":[],"class_list":["post-373","post","type-post","status-publish","format-standard","has-post-thumbnail","hentry","category-masterkonferansen"],"_links":{"self":[{"href":"https:\/\/result.uit.no\/proted\/wp-json\/wp\/v2\/posts\/373","targetHints":{"allow":["GET"]}}],"collection":[{"href":"https:\/\/result.uit.no\/proted\/wp-json\/wp\/v2\/posts"}],"about":[{"href":"https:\/\/result.uit.no\/proted\/wp-json\/wp\/v2\/types\/post"}],"author":[{"embeddable":true,"href":"https:\/\/result.uit.no\/proted\/wp-json\/wp\/v2\/users\/1078"}],"replies":[{"embeddable":true,"href":"https:\/\/result.uit.no\/proted\/wp-json\/wp\/v2\/comments?post=373"}],"version-history":[{"count":0,"href":"https:\/\/result.uit.no\/proted\/wp-json\/wp\/v2\/posts\/373\/revisions"}],"wp:featuredmedia":[{"embeddable":true,"href":"https:\/\/result.uit.no\/proted\/wp-json\/wp\/v2\/media\/386"}],"wp:attachment":[{"href":"https:\/\/result.uit.no\/proted\/wp-json\/wp\/v2\/media?parent=373"}],"wp:term":[{"taxonomy":"category","embeddable":true,"href":"https:\/\/result.uit.no\/proted\/wp-json\/wp\/v2\/categories?post=373"},{"taxonomy":"post_tag","embeddable":true,"href":"https:\/\/result.uit.no\/proted\/wp-json\/wp\/v2\/tags?post=373"}],"curies":[{"name":"wp","href":"https:\/\/api.w.org\/{rel}","templated":true}]}}