{"id":280,"date":"2016-02-17T09:33:26","date_gmt":"2016-02-17T09:33:26","guid":{"rendered":"https:\/\/result.uit.no\/proted\/?p=280"},"modified":"2017-10-18T14:38:54","modified_gmt":"2017-10-18T13:38:54","slug":"uit-har-forbedret-norsk-laererutdanning","status":"publish","type":"post","link":"https:\/\/result.uit.no\/proted\/uit-har-forbedret-norsk-laererutdanning\/","title":{"rendered":"UiT har forbedret norsk l\u00e6rerutdanning"},"content":{"rendered":"<p>UiT sitt pilotprosjekt med master i grunnskolel\u00e6rerutdanning har skapt en ny m\u00e5te \u00e5 tenke l\u00e6rerutdanning p\u00e5 for hele landet, konkluderer to uavhengige evalueringer.<\/p>\n<p>\u2013 Mens de andre grunnskolel\u00e6rerutdanningene i Norge s\u00e5 vidt er i gang med \u00e5 sette sammen et fem\u00e5rigmastergradsprogram, er v\u00e5r master n\u00e5 allerede evaluert. Tilbakemeldingene er gode, og selv om det ikke er noen store overraskelser i konklusjonene, er det viktig med faglige innspill fra eksperter som kan se p\u00e5 det vi gj\u00f8r med et uavhengig blikk, sier studieleder for master i l\u00e6rerutdanning 5.-10. trinn, Ove Drageset.<\/p>\n<p><strong>F\u00f8rst i Norge<br \/>\n<\/strong>Da de aller f\u00f8rste norske studentene med master i l\u00e6rerutdanning 1.-7. trinn og 5.-10. trinn gikk ut i jobb etter endt utdanning ved Institutt for l\u00e6rerutdanning og pedagogikk i Troms\u00f8, fikk de nasjonal oppmerksomhet,\u00a0<a href=\"https:\/\/result.uit.no\/proted\/2015\/06\/01\/ministeren-ville-diskutere-masteroppgave\/\">skryt av kunnskapsministeren<\/a>\u00a0og\u00a0<a href=\"https:\/\/uit.no\/nyheter\/artikkel?p_document_id=422903&amp;p_dim=88147\">mange jobbtilbud \u00e5 velge mellom<\/a>. Like etter ble UiT og Norges f\u00f8rste Senter for fremragende utdanning, ProTed, evaluert av en internasjonal ekspertgruppe.\u00a0<a href=\"https:\/\/result.uit.no\/proted\/2015\/10\/30\/internasjonalt-skryt-til-universitetsskolene\/\">Tilbakemeldingen var overveldende og ekspertgruppen var imponert over b\u00e5de masterutdanningen og utviklingen av Universitetsskolene, som sikret et tett kobling mellom teori og praksis.<\/a><\/p>\n<p><strong>\u00a0<\/strong><strong>Skryt<br \/>\n<\/strong>I de to nye evalueringene som n\u00e5 foreligger, er det selve innholdet i de fem\u00e5rige mastergradsprogrammene i l\u00e6rerutdanning for 1.-7. trinnet og 5.-10. trinnet, som har blitt evaluert. Og ogs\u00e5 her f\u00e5r UiT skryt for sin nyskapende utdanningspraksis.<\/p>\n<p>\u2013 Universitetsskoleprosjektet har f\u00e5tt nasjonal oppmerksomhet og har skapt ringvirkninger som er kommet for \u00e5 bli i store deler av praksisoppl\u00e6ringen i norsk l\u00e6rerutdanning, heter det i evalueringen av den integrerte masteren i l\u00e6rerutdanningen for klassetrinnene 5.-10.<\/p>\n<p><strong>Forskningsbasert<br \/>\n<\/strong>Utvalgene ber\u00f8mmer ogs\u00e5 arbeidet som har v\u00e6rt gjort for \u00e5 f\u00e5 til en forskningsbasert undervisning, og mener at\u00a0<i>det legger til rette for ulike tiln\u00e6rminger som sammen danner en sterk profil.<br \/>\n<\/i><\/p>\n<p>\u2013 Utvalget ber\u00f8mmer fagmilj\u00f8et for ambisjonene og for m\u00e5ten det er lagt til rette for at forskningsbasert undervisning og undervisningsbasert forskning kan foreg\u00e5, st\u00e5r det i evalueringen om den integrerte masteren for 1.-7.trinnet.<\/p>\n<p><strong>Positiv p\u00e5virkning<br \/>\n<\/strong>Allerede da de f\u00f8rste kullene med masterstudenter gikk ut i praksis, opplevde rektorene ved praksisskolene en helt ny standard p\u00e5 studentene de m\u00f8tte. Ogs\u00e5 de uavhengige evalueringene gj\u00f8r et poeng av skolens m\u00f8te med studentene \u2013 men p\u00e5 en litt annen m\u00e5te. De mener at studentene er med p\u00e5 \u00e5 p\u00e5virke hele praksisskolens m\u00e5te \u00e5 jobbe p\u00e5.<\/p>\n<p>\u2013 Det at skolene n\u00e5 mottar masterstudenter har lagt et faglig trykk p\u00e5 hele kollegiet ved praksisskolen, skriver de om den integrerte masteren for 5.-10.trinnet.<\/p>\n<div id=\"attachment_380\" style=\"width: 310px\" class=\"wp-caption alignright\"><img decoding=\"async\" aria-describedby=\"caption-attachment-380\" class=\"wp-image-380 size-medium lazyload\" data-src=\"https:\/\/result.uit.no\/proted\/wp-content\/uploads\/sites\/45\/2016\/02\/TORBJ\u00d8RNP13A6424copy-300x241.jpg\" alt=\"\" width=\"300\" height=\"241\" data-srcset=\"https:\/\/result.uit.no\/proted\/wp-content\/uploads\/sites\/45\/2016\/02\/TORBJ\u00d8RNP13A6424copy-300x241.jpg 300w, https:\/\/result.uit.no\/proted\/wp-content\/uploads\/sites\/45\/2016\/02\/TORBJ\u00d8RNP13A6424copy-768x616.jpg 768w, https:\/\/result.uit.no\/proted\/wp-content\/uploads\/sites\/45\/2016\/02\/TORBJ\u00d8RNP13A6424copy.jpg 800w\" data-sizes=\"(max-width: 300px) 100vw, 300px\" src=\"data:image\/svg+xml;base64,PHN2ZyB3aWR0aD0iMSIgaGVpZ2h0PSIxIiB4bWxucz0iaHR0cDovL3d3dy53My5vcmcvMjAwMC9zdmciPjwvc3ZnPg==\" style=\"--smush-placeholder-width: 300px; --smush-placeholder-aspect-ratio: 300\/241;\" \/><p id=\"caption-attachment-380\" class=\"wp-caption-text\">Da kunnskapsminister Torbj\u00f8rn R\u00f8e Isaksen bes\u00f8kte masterkonferansen ved UiT i fjor sommer, skr\u00f8t han av masterutdanningen. Onsdag gjorde han det igjen, denne gangen for NOKUT<\/p><\/div>\n<p><strong>Anbefalinger<br \/>\n<\/strong>I de to evalueringene kommer fagekspertene ogs\u00e5 med noen anbefalinger p\u00e5 ting som kan bli enda bedre.<\/p>\n<p>\u2013 Samtidig som det er fint \u00e5 f\u00e5 bekreftelser p\u00e5 at v\u00e5r m\u00e5te \u00e5 tenke l\u00e6rerutdanning p\u00e5 er en riktig vei \u00e5 g\u00e5, er det viktig for oss \u00e5 f\u00e5 konkrete tilbakemeldinger p\u00e5 hvilke justeringer som kan gj\u00f8re oss enda bedre, sier Henning Marius Sollid, studieleder for master i l\u00e6rerutdanning 1.-7. trinn. For begge de integrerte masterutdanningene, er det en anbefaling om \u00e5 justere litt p\u00e5\u00a0 antall fag studentene kan skriver masteroppgaver \u00a0om, samt \u00e5 justere opp b\u00e5de forskningsfokus og l\u00e6ringstrykk allerede p\u00e5 f\u00f8rste\u00e5ret.<\/p>\n<p>\u2013 Evalueringene kommer p\u00e5 et veldig godt tidspunkt. Fagmilj\u00f8et i Alta og Troms\u00f8 er midt i en prosess for revisjon av studie- og emneplaner, , sier seniorr\u00e5dgiver ved ProTed Senter for fremragende l\u00e6rerutdanning ved UiT, G\u00f8rill Warvik Vedeler. De to rapportene som n\u00e5 foreligger gir oss et godt grunnlag for ytterligere justeringer n\u00e5r det gjelder kvalitet i studiedesignet ved UiT.<\/p>\n<p><strong>Ministerskryt<br \/>\n<\/strong>Da kunnskapsminister Torbj\u00f8rn R\u00f8e Isaksen talte til Nasjonalt organ for kvalitet i utdanningen (NOKUT) onsdag denne uken, ba han andre utdanningsinstitusjoner se til masteren i grunnskolel\u00e6rerutdanningen ved UiT Norges arktiske universitet.<\/p>\n<p>\u2013 En praksisn\u00e6r masterutdanning vil gi oss faglig sterke l\u00e6rere som kan analysere egen praksis og tenke vitenskapelig om den. Jeg \u00f8nsker ikke at kun skolene i Troms skal ha tilgang p\u00e5 s\u00e5nne l\u00e6rere, sier R\u00f8e Isaksen.<\/p>\n<p>&nbsp;<\/p>\n<p>Tekst og foto: Stig Br\u00f8ndbo. Opprinnelig publisert p\u00e5 <a href=\"https:\/\/uit.no\/nyheter\/artikkel?p_document_id=453696&amp;p_dim=88147\">UiT&#8217;s nettsider<\/a> 17.02.2016<\/p>\n","protected":false},"excerpt":{"rendered":"<p>UiTs pilotprosjekt med master i grunnskolel\u00e6rerutdanning har skapt en ny m\u00e5te \u00e5 tenke l\u00e6rerutdanning p\u00e5 for hele landet, konkluderer to uavhengige evalueringer. \u2013 Mens de andre grunnskolel\u00e6rerutdanningene i Norge s\u00e5 vidt er i gang med \u00e5 sette sammen et fem\u00e5rigmastergradsprogram, er v\u00e5r master n\u00e5 allerede evaluert. Tilbakemeldingene er gode, og selv om det ikke er noen store overraskelser i konklusjonene, er det viktig med faglige innspill fra eksperter som kan se p\u00e5 det vi gj\u00f8r med et uavhengig blikk, sier studieleder for master i l\u00e6rerutdanning 5.-10. trinn, Ove Drageset.<\/p>\n","protected":false},"author":1078,"featured_media":284,"comment_status":"open","ping_status":"closed","sticky":false,"template":"","format":"standard","meta":{"_et_pb_use_builder":"","_et_pb_old_content":"","_et_gb_content_width":"","footnotes":""},"categories":[15],"tags":[],"class_list":["post-280","post","type-post","status-publish","format-standard","has-post-thumbnail","hentry","category-masterutdanningen"],"_links":{"self":[{"href":"https:\/\/result.uit.no\/proted\/wp-json\/wp\/v2\/posts\/280","targetHints":{"allow":["GET"]}}],"collection":[{"href":"https:\/\/result.uit.no\/proted\/wp-json\/wp\/v2\/posts"}],"about":[{"href":"https:\/\/result.uit.no\/proted\/wp-json\/wp\/v2\/types\/post"}],"author":[{"embeddable":true,"href":"https:\/\/result.uit.no\/proted\/wp-json\/wp\/v2\/users\/1078"}],"replies":[{"embeddable":true,"href":"https:\/\/result.uit.no\/proted\/wp-json\/wp\/v2\/comments?post=280"}],"version-history":[{"count":0,"href":"https:\/\/result.uit.no\/proted\/wp-json\/wp\/v2\/posts\/280\/revisions"}],"wp:featuredmedia":[{"embeddable":true,"href":"https:\/\/result.uit.no\/proted\/wp-json\/wp\/v2\/media\/284"}],"wp:attachment":[{"href":"https:\/\/result.uit.no\/proted\/wp-json\/wp\/v2\/media?parent=280"}],"wp:term":[{"taxonomy":"category","embeddable":true,"href":"https:\/\/result.uit.no\/proted\/wp-json\/wp\/v2\/categories?post=280"},{"taxonomy":"post_tag","embeddable":true,"href":"https:\/\/result.uit.no\/proted\/wp-json\/wp\/v2\/tags?post=280"}],"curies":[{"name":"wp","href":"https:\/\/api.w.org\/{rel}","templated":true}]}}