{"id":177,"date":"2017-08-16T12:35:50","date_gmt":"2017-08-16T11:35:50","guid":{"rendered":"https:\/\/result.uit.no\/proted\/?p=177"},"modified":"2017-11-16T14:23:53","modified_gmt":"2017-11-16T14:23:53","slug":"oppstart-med-stil","status":"publish","type":"post","link":"https:\/\/result.uit.no\/proted\/oppstart-med-stil\/","title":{"rendered":"Oppstart med STIL"},"content":{"rendered":"<div id=\"content\">\n<div class=\"container fratoprow\">\n<div class=\"row\">\n<div class=\"col-md-8\">\n<div id=\"ikb2\" class=\"ikbComponent\">\n<div class=\"row\">\n<div class=\"col-md-12\">\n<div id=\"attachment_178\" style=\"width: 378px\" class=\"wp-caption alignright\"><img decoding=\"async\" aria-describedby=\"caption-attachment-178\" class=\"wp-image-178 lazyload\" data-src=\"https:\/\/result.uit.no\/proted\/wp-content\/uploads\/sites\/45\/2017\/10\/KAFE598A9528copy-300x200.jpg\" alt=\"\" width=\"368\" height=\"245\" data-srcset=\"https:\/\/result.uit.no\/proted\/wp-content\/uploads\/sites\/45\/2017\/10\/KAFE598A9528copy-300x200.jpg 300w, https:\/\/result.uit.no\/proted\/wp-content\/uploads\/sites\/45\/2017\/10\/KAFE598A9528copy-768x512.jpg 768w, https:\/\/result.uit.no\/proted\/wp-content\/uploads\/sites\/45\/2017\/10\/KAFE598A9528copy.jpg 1000w\" data-sizes=\"(max-width: 368px) 100vw, 368px\" src=\"data:image\/svg+xml;base64,PHN2ZyB3aWR0aD0iMSIgaGVpZ2h0PSIxIiB4bWxucz0iaHR0cDovL3d3dy53My5vcmcvMjAwMC9zdmciPjwvc3ZnPg==\" style=\"--smush-placeholder-width: 368px; --smush-placeholder-aspect-ratio: 368\/245;\" \/><p id=\"caption-attachment-178\" class=\"wp-caption-text\">Anh Duc Nguyen (t.h) og Tord-Mikael Berglund er glad for \u00e5 v\u00e6re i gang med sin master i grunnskolel\u00e6rerutdanning ved UiT i Troms\u00f8. At det faglige fokuset startet med en gang, synes de to er bare supert.<\/p><\/div>\n<p>\u2013 Ja, det ble en br\u00e5 start. Men det er like greit, jeg er jo her for \u00e5 studere og dette er en fin m\u00e5te \u00e5 bli kjent med medstudenter p\u00e5, spesielt for meg som er ny i Troms\u00f8, sier Anh Duc Nguyen fra Sarpsborg, en av 129 studenter som onsdag startet p\u00e5 sin master i grunnskolel\u00e6rerutdanning ved UiT Norges arktiske universitet.<br \/>\n\u2013 Jeg har ventet og gledet meg til oppstarten. Det er dette jeg vil, og starten lover godt, sier Tord-Mikael Berglund fra Troms\u00f8.<\/p>\n<p><strong><br \/>\nF\u00f8rst i nord<\/strong><br \/>\nMens s\u00f8kertallene til grunnskolel\u00e6rerutdanningen p\u00e5 landsbasis synker for utdanningene til b\u00e5de trinn 1-7 (3,6 prosent nedgang) og trinn 5-10 (5,5 prosent nedgang), opplever UiT at det aldri f\u00f8r har v\u00e6rt s\u00e5 mange som \u00f8nsker \u00e5 ta l\u00e6rerutdanning i Troms\u00f8 og i Alta. \u2013 Det er vi sv\u00e6rt forn\u00f8yd med, og vi tror at en av grunnene til det er at vi var f\u00f8rst ute med master i grunnskolel\u00e6rerutdanning, sier Henning Marius Sollid, studieleder for grunnskolel\u00e6rerutdanningen ved Institutt for l\u00e6rerutdanning og pedagogikk.<\/p>\n<p><strong>\u00a0<\/strong><\/p>\n<div id=\"attachment_252\" style=\"width: 310px\" class=\"wp-caption alignright\"><img decoding=\"async\" aria-describedby=\"caption-attachment-252\" class=\"wp-image-252 size-medium lazyload\" data-src=\"https:\/\/result.uit.no\/proted\/wp-content\/uploads\/sites\/45\/2017\/10\/KAFE3K98A9542copy-300x199.jpg\" alt=\"\" width=\"300\" height=\"199\" data-srcset=\"https:\/\/result.uit.no\/proted\/wp-content\/uploads\/sites\/45\/2017\/10\/KAFE3K98A9542copy-300x199.jpg 300w, https:\/\/result.uit.no\/proted\/wp-content\/uploads\/sites\/45\/2017\/10\/KAFE3K98A9542copy-768x510.jpg 768w, https:\/\/result.uit.no\/proted\/wp-content\/uploads\/sites\/45\/2017\/10\/KAFE3K98A9542copy.jpg 1000w\" data-sizes=\"(max-width: 300px) 100vw, 300px\" src=\"data:image\/svg+xml;base64,PHN2ZyB3aWR0aD0iMSIgaGVpZ2h0PSIxIiB4bWxucz0iaHR0cDovL3d3dy53My5vcmcvMjAwMC9zdmciPjwvc3ZnPg==\" style=\"--smush-placeholder-width: 300px; --smush-placeholder-aspect-ratio: 300\/199;\" \/><p id=\"caption-attachment-252\" class=\"wp-caption-text\">\u2013 Studentene \u00f8nsker \u00e5 bli gode forbilder og bidra til \u00e5 skape en god skole med tillitt. Det er et veldig godt utgangspunkt for \u00e5 bli en god l\u00e6rer, sier Jan-Fredrik Skogdal, universitetsskolekoordinator ved UiT og kafevert da de nye studentene diskuterte l\u00e6rerrollen.<\/p><\/div>\n<p><strong>Ettertraktet<br \/>\n<\/strong>I \u00e5r er det f\u00f8rste gang at alle som vil bli l\u00e6rere m\u00e5 ta en 5-\u00e5rig master i grunnskolel\u00e6rerutdanning. UiT startet sin masterutdanning allerede i 2010, og de nasjonale planene som studentene m\u00f8ter ved studiestart i \u00e5r er bygd etter modellen som ble utviklet ved UiT. De tre kullene som allerede har g\u00e5tt ut\u00a0med master i l\u00e6rerutdanning ved UiT har v\u00e6rt\u00a0sv\u00e6rt ettertraktet blant rektorene i hele landet, og\u00a0<a href=\"https:\/\/uit.no\/om\/enhet\/aktuelt\/nyhet?p_document_id=520586&amp;p_dimension_id=88147\">kunnskapsminister Torbj\u00f8rn R\u00f8e Isaksen har bes\u00f8kt alle tre masterkonferansene for grunnskolel\u00e6rerutdanningen ved UiT for \u00e5 h\u00f8re om fersk forskning og diskutere den med masterstudentene.<\/a><\/p>\n<p><strong>Verdens viktigste<br \/>\n<\/strong>\u2013 At jeg er sikret jobb etter endt utdanning er selvsagt fint, men jeg \u00f8nsker \u00e5 bli l\u00e6rer fordi det er verdens viktigste jobb. Jeg vil jobbe med mennesker, og m\u00e5let mitt er \u00e5 utgj\u00f8re en forskjell for ungene, sier Christer Ellingsen Solhaug fra Drag i Tysfjord. Sammen med sine medstudenter p\u00e5 GLU 1-7 deltok han i en timelang kafediskusjon f\u00f8rste studiedag for \u00e5 svare p\u00e5:<\/p>\n<\/div>\n<ul>\n<li>Hvorfor \u00f8nsker du \u00e5 bli l\u00e6rer?<\/li>\n<li>Hvilken l\u00e6rer \u00f8nsker du \u00e5 bli?<\/li>\n<li>Hva skal til for \u00e5 bli en slik l\u00e6rer?\n<p><div id=\"attachment_250\" style=\"width: 416px\" class=\"wp-caption alignright\"><img decoding=\"async\" aria-describedby=\"caption-attachment-250\" class=\"wp-image-250 lazyload\" data-src=\"https:\/\/result.uit.no\/proted\/wp-content\/uploads\/sites\/45\/2017\/10\/KAFE1K98A9548copy-300x150.jpg\" alt=\"\" width=\"406\" height=\"203\" data-srcset=\"https:\/\/result.uit.no\/proted\/wp-content\/uploads\/sites\/45\/2017\/10\/KAFE1K98A9548copy-300x150.jpg 300w, https:\/\/result.uit.no\/proted\/wp-content\/uploads\/sites\/45\/2017\/10\/KAFE1K98A9548copy-768x385.jpg 768w, https:\/\/result.uit.no\/proted\/wp-content\/uploads\/sites\/45\/2017\/10\/KAFE1K98A9548copy.jpg 1000w\" data-sizes=\"(max-width: 406px) 100vw, 406px\" src=\"data:image\/svg+xml;base64,PHN2ZyB3aWR0aD0iMSIgaGVpZ2h0PSIxIiB4bWxucz0iaHR0cDovL3d3dy53My5vcmcvMjAwMC9zdmciPjwvc3ZnPg==\" style=\"--smush-placeholder-width: 406px; --smush-placeholder-aspect-ratio: 406\/203;\" \/><p id=\"caption-attachment-250\" class=\"wp-caption-text\">Aldri f\u00f8r s\u00e5 mange studenter begynt p\u00e5 master i grunnskolel\u00e6rerutdanning ved UiT. Allerede f\u00f8rste dag var det fokus p\u00e5 fag og det \u00e5 bli gode l\u00e6rere.<\/p><\/div><\/li>\n<\/ul>\n<p id=\"bildetabell\" class=\"nyhArtikkel\">\u2013 Ved mitt kafebord var svarene veldig samstemte. Studentene \u00f8nsker \u00e5 bli gode forbilder og bidra til \u00e5 skape en god skole med tillitt. Det er et veldig godt utgangspunkt for \u00e5 bli en god l\u00e6rer, sier Jan-Fredrik Skogdal, som tidligere i \u00e5r startet som koordinator for universitetsskolene i Troms\u00f8 etter \u00e5 ha jobbet 16 \u00e5r som rektor ved en barneskole.<\/p>\n<p class=\"nyhArtikkel\"><strong>Rett i praksis<\/strong><\/p>\n<p class=\"nyhArtikkel\">En viktig del av GLU-masteren, er praksis i grunnskolen. \u2013 Vi \u00f8nsker \u00e5 gi alle v\u00e5re studenter en s\u00e5\u00a0praksisn\u00e6r utdanning som mulig, og allerede i neste uke skal de nye studentene ut for \u00e5 undervise p\u00e5 en av v\u00e5re universitetsskoler, sier Siw Skr\u00f8vset, leder av Pro Ted \u2013 Senter for fremragende l\u00e6rerutdanning ved UiT. De har utviklet et helt nytt program for oppstarten av l\u00e6rerutdanningen med fokus p\u00e5 studentintensive l\u00e6ringsformer (STIL) for \u00e5 skape l\u00e6ringslyst.<\/p>\n<\/div>\n<p>&nbsp;<\/p>\n<p>&nbsp;<\/p>\n<p>Tekst og foto: Stig Br\u00f8ndbo, F\u00f8rst publisert p\u00e5 <a href=\"https:\/\/uit.no\/om\/enhet\/aktuelt\/nyhet?p_document_id=528178&amp;p_dimension_id=88147#\">UiT&#8217;s nettsider<\/a> 16.08.2017<\/p>\n<\/div>\n<\/div>\n<\/div>\n<\/div>\n<\/div>\n","protected":false},"excerpt":{"rendered":"<p>Aldri f\u00f8r har det startet flere studenter p\u00e5 master i grunnskolel\u00e6rerutdanning ved UiT. Allerede en halv time etter velkomsttalen var morgendagens l\u00e6rere i gang med studiene. I \u00e5r er f\u00f8rste gang det nye programmet med oppstart med fokus p\u00e5 studentintensive l\u00e6ringsformer (STIL) pr\u00f8ves ut. \u2013 Vi \u00f8nsker \u00e5 gi alle v\u00e5re studenter en s\u00e5 praksisn\u00e6r utdanning som mulig, og allerede i neste uke skal de nye studentene ut for \u00e5 undervise p\u00e5 en av v\u00e5re universitetsskoler, sier Siw Skr\u00f8vset, leder av Pro Ted \u2013 Senter for fremragende l\u00e6rerutdanning ved UiT.<\/p>\n","protected":false},"author":1078,"featured_media":251,"comment_status":"open","ping_status":"closed","sticky":false,"template":"","format":"standard","meta":{"_et_pb_use_builder":"off","_et_pb_old_content":"<div id=\"content\">\r\n<div class=\"container fratoprow\">\r\n<div class=\"row\">\r\n<div class=\"col-md-8\">\r\n<div id=\"ikb2\" class=\"ikbComponent\">\r\n<div class=\"row\">\r\n<div class=\"col-md-12\"><img class=\"wp-image-178 alignright\" src=\"https:\/\/result.uit.no\/proted\/wp-content\/uploads\/sites\/45\/2017\/10\/KAFE598A9528copy-300x200.jpg\" alt=\"\" width=\"368\" height=\"245\" \/>\r\n<div id=\"bildetabell\" class=\"nyhArtikkel\">\u2013 Ja, det ble en br\u00e5 start. Men det er like greit, jeg er jo her for \u00e5 studere og dette er en fin m\u00e5te \u00e5 bli kjent med medstudenter p\u00e5, spesielt for meg som er ny i Troms\u00f8, sier Anh Duc Nguyen fra Sarpsborg, en av 129 studenter som onsdag startet p\u00e5 sin master i grunnskolel\u00e6rerutdanning ved UiT Norges arktiske universitet.<\/div>\r\n<div id=\"bildetabell\" class=\"nyhArtikkel\">\u2013 Jeg har ventet og gledet meg til oppstarten. Det er dette jeg vil, og starten lover godt, sier Tord-Mikael Berglund fra Troms\u00f8.<\/div>\r\n<div><\/div>\r\n<h6 class=\"nyhArtikkel\"><strong>F\u00f8rst i nord<\/strong><\/h6>\r\n<h6 class=\"nyhArtikkel\">Mens s\u00f8kertallene til grunnskolel\u00e6rerutdanningen p\u00e5 landsbasis synker for utdanningene til b\u00e5de trinn 1-7 (3,6 prosent nedgang) og trinn 5-10 (5,5 prosent nedgang), opplever UiT at det aldri f\u00f8r har v\u00e6rt s\u00e5 mange som \u00f8nsker \u00e5 ta l\u00e6rerutdanning i Troms\u00f8 og i Alta. \u2013 Det er vi sv\u00e6rt forn\u00f8yd med, og vi tror at en av grunnene til det er at vi var f\u00f8rst ute med master i grunnskolel\u00e6rerutdanning, sier Henning Marius Sollid, studieleder for grunnskolel\u00e6rerutdanningen ved Institutt for l\u00e6rerutdanning og pedagogikk.<\/h6>\r\n<h6><strong>\r\nEttertraktet\r\n<\/strong><\/h6>\r\nI \u00e5r er det f\u00f8rste gang at alle som vil bli l\u00e6rere m\u00e5 ta en 5-\u00e5rig master i grunnskolel\u00e6rerutdanning. UiT startet sin masterutdanning allerede i 2010, og de nasjonale planene som studentene m\u00f8ter ved studiestart i \u00e5r er bygd etter modellen som ble utviklet ved UiT. De tre kullene som allerede har g\u00e5tt ut med master i l\u00e6rerutdanning ved UiT har v\u00e6rt sv\u00e6rt ettertraktet blant rektorene i hele landet, og <a href=\"https:\/\/uit.no\/om\/enhet\/aktuelt\/nyhet?p_document_id=520586&p_dimension_id=88147\">kunnskapsminister Torbj\u00f8rn R\u00f8e Isaksen har bes\u00f8kt alle tre masterkonferansene for grunnskolel\u00e6rerutdanningen ved UiT for \u00e5 h\u00f8re om fersk forskning og diskutere den med masterstudentene.<\/a>\r\n<div><\/div>\r\n<h6 class=\"nyhArtikkel\"><strong>Verdens viktigste <\/strong><\/h6>\r\n<div class=\"nyhArtikkel\">\u2013 At jeg er sikret jobb etter endt utdanning er selvsagt fint, men jeg \u00f8nsker \u00e5 bli l\u00e6rer fordi det er verdens viktigste jobb. Jeg vil jobbe med mennesker, og m\u00e5let mitt er \u00e5 utgj\u00f8re en forskjell for ungene, sier Christer Ellingsen Solhaug fra Drag i Tysfjord. Sammen med sine medstudenter p\u00e5 GLU 1-7 deltok han i en timelang kafediskusjon f\u00f8rste studiedag for \u00e5 svare p\u00e5:\r\n<ul>\r\n \t<li>Hvorfor \u00f8nsker du \u00e5 bli l\u00e6rer?<\/li>\r\n \t<li>Hvilken l\u00e6rer \u00f8nsker du \u00e5 bli?<\/li>\r\n \t<li>Hva skal til for \u00e5 bli en slik l\u00e6rer?<\/li>\r\n<\/ul>\r\n\u2013 Ved mitt kafebord var svarene veldig samstemte. Studentene \u00f8nsker \u00e5 bli gode forbilder og bidra til \u00e5 skape en god skole med tillitt. Det er et veldig godt utgangspunkt for \u00e5 bli en god l\u00e6rer, sier Jan-Fredrik Skogdal, som tidligere i \u00e5r startet som koordinator for universitetsskolene i Troms\u00f8 etter \u00e5 ha jobbet 16 \u00e5r som rektor ved en barneskole. <strong>Rett i praksis<\/strong> En viktig del av GLU-masteren, er praksis i grunnskolen. \u2013 Vi \u00f8nsker \u00e5 gi alle v\u00e5re studenter en s\u00e5 praksisn\u00e6r utdanning som mulig, og allerede i neste uke skal de nye studentene ut for \u00e5 undervise p\u00e5 en av v\u00e5re universitetsskoler, sier Siw Skr\u00f8vset, leder av Pro Ted \u2013 Senter for fremragende l\u00e6rerutdanning ved UiT. De har utviklet et helt nytt program for oppstarten av l\u00e6rerutdanningen med fokus p\u00e5 studentintensive l\u00e6ringsformer (STIL) for \u00e5 skape l\u00e6ringslyst.<\/div>\r\n<\/div>\r\nSkrevet av Stig Br\u00f8ndbo, F\u00f8rst publisert p\u00e5 <a href=\"https:\/\/uit.no\/om\/enhet\/aktuelt\/nyhet?p_document_id=528178&p_dimension_id=88147#\">UiT's nettsider<\/a> 16.08.2017<\/div>\r\n<\/div>\r\n<\/div>\r\n<\/div>\r\n<\/div>\r\n<\/div>","_et_gb_content_width":"","footnotes":""},"categories":[16],"tags":[],"class_list":["post-177","post","type-post","status-publish","format-standard","has-post-thumbnail","hentry","category-studentintensive-laeringsformer-stil"],"_links":{"self":[{"href":"https:\/\/result.uit.no\/proted\/wp-json\/wp\/v2\/posts\/177","targetHints":{"allow":["GET"]}}],"collection":[{"href":"https:\/\/result.uit.no\/proted\/wp-json\/wp\/v2\/posts"}],"about":[{"href":"https:\/\/result.uit.no\/proted\/wp-json\/wp\/v2\/types\/post"}],"author":[{"embeddable":true,"href":"https:\/\/result.uit.no\/proted\/wp-json\/wp\/v2\/users\/1078"}],"replies":[{"embeddable":true,"href":"https:\/\/result.uit.no\/proted\/wp-json\/wp\/v2\/comments?post=177"}],"version-history":[{"count":0,"href":"https:\/\/result.uit.no\/proted\/wp-json\/wp\/v2\/posts\/177\/revisions"}],"wp:featuredmedia":[{"embeddable":true,"href":"https:\/\/result.uit.no\/proted\/wp-json\/wp\/v2\/media\/251"}],"wp:attachment":[{"href":"https:\/\/result.uit.no\/proted\/wp-json\/wp\/v2\/media?parent=177"}],"wp:term":[{"taxonomy":"category","embeddable":true,"href":"https:\/\/result.uit.no\/proted\/wp-json\/wp\/v2\/categories?post=177"},{"taxonomy":"post_tag","embeddable":true,"href":"https:\/\/result.uit.no\/proted\/wp-json\/wp\/v2\/tags?post=177"}],"curies":[{"name":"wp","href":"https:\/\/api.w.org\/{rel}","templated":true}]}}